{"id":1231,"date":"2023-07-18T12:03:43","date_gmt":"2023-07-18T12:03:43","guid":{"rendered":"https:\/\/bellvr.net\/?p=1231"},"modified":"2023-07-26T15:07:30","modified_gmt":"2023-07-26T15:07:30","slug":"consejos-para-mantener-cuidado-el-pelo-en-verano","status":"publish","type":"post","link":"https:\/\/bellvr.net\/ca\/consejos-para-mantener-cuidado-el-pelo-en-verano\/","title":{"rendered":"Consejos para mantener el pelo cuidado en verano"},"content":{"rendered":"<p>Todos amamos el sol, pero \u00bfsab\u00edas que puede ser un enemigo mortal para tu cabello? S\u00ed, le\u00edste bien. Los rayos del sol no solo pueden da\u00f1ar tu piel, sino que tambi\u00e9n pueden afectar seriamente la salud de tu cabello. Pero no te preocupes, estamos aqu\u00ed para ayudarte. \u00bfQuieres saber c\u00f3mo proteger tu cabello y mantenerlo radiante durante todo el verano? Qu\u00e9date con nosotros, al final de este art\u00edculo encontrar\u00e1s la respuesta.<\/p>\n<p>&nbsp;<\/p>\n<h2><strong>Motivos por los Que el Pelo se Estropea en Verano<\/strong><\/h2>\n<p>El verano puede ser una temporada dif\u00edcil para tu cabello. El calor, el sol, el agua salada del mar, el cloro de las piscinas, pueden causar estragos en tu preciada melena. Aqu\u00ed te explicamos por qu\u00e9:<\/p>\n<ul>\n<li><strong>Exposici\u00f3n al sol:<\/strong> Los rayos UV del sol son extremadamente da\u00f1inos para el cabello. Pueden secarlo, da\u00f1ar la cut\u00edcula (la capa externa del cabello) y desvanecer su color. La exposici\u00f3n prolongada puede provocar sequedad, puntas abiertas y p\u00e9rdida de brillo.<\/li>\n<li><strong>Agua de mar:<\/strong> El agua de mar es salada, lo que puede secar el cabello y dejarlo fr\u00e1gil y sin vida. Adem\u00e1s, la sal puede abrir las cut\u00edculas del cabello, lo que lleva a la p\u00e9rdida de humedad y color.<\/li>\n<li><strong>Cloro de las piscinas:<\/strong> El cloro es un qu\u00edmico fuerte que se usa en las piscinas para mantenerlas limpias. Puede ser muy da\u00f1ino para el cabello, ya que quita sus aceites naturales y puede dejarlo seco, quebradizo y con un tono verdoso (especialmente en cabellos te\u00f1idos de rubio).<\/li>\n<li><strong>Sudor y humedad:<\/strong> El verano suele ser una \u00e9poca de calor y humedad. El sudor puede acumularse en el cuero cabelludo, lo que puede llevar a la producci\u00f3n excesiva de aceite, picaz\u00f3n y caspa. Por otro lado, la humedad puede hacer que el cabello se encrespe.<\/li>\n<li><strong>Uso excesivo de herramientas de calor:<\/strong> En el intento de mantener nuestro peinado perfecto en medio del calor y la humedad, podemos recurrir demasiado a herramientas de calor como secadores, planchas y rizadores. Esto puede causar un da\u00f1o adicional al cabello, volvi\u00e9ndolo m\u00e1s seco y susceptible a la rotura.<\/li>\n<\/ul>\n<h2><strong>\u00bfC\u00f3mo Proteger el Cabello del Sol?<\/strong><\/h2>\n<p>La buena noticia es que hay formas de proteger tu cabello del da\u00f1o solar. Aqu\u00ed tienes algunos consejos:<\/p>\n<h3><strong>\u00b7 Aplica protector solar para el cabello<\/strong><\/h3>\n<p>Existen protectores solares espec\u00edficos para el cabello que pueden protegerlo de los rayos UV.<\/p>\n<h3><strong>\u00b7 Opta por productos con protecci\u00f3n UV<\/strong><\/h3>\n<p>Al comprar productos para el cuidado del cabello, busca aquellos que ofrezcan protecci\u00f3n contra los rayos UV.<\/p>\n<h3><strong>\u00b7 Usa un acondicionador profundo<\/strong><\/h3>\n<p>Estos pueden ayudar a reponer la humedad que el sol puede eliminar.<\/p>\n<h3><strong>\u00b7 Evita las herramientas de calor<\/strong><\/h3>\n<p>Las planchas, secadores y rizadores pueden aumentar el da\u00f1o causado por el sol.<\/p>\n<h3><strong>\u00b7 Evita los productos qu\u00edmicos agresivos<\/strong><\/h3>\n<p>Los tintes de cabello y otros productos qu\u00edmicos pueden hacer que tu cabello sea m\u00e1s vulnerable al da\u00f1o solar.<\/p>\n<h3><strong>\u00b7 Evita los Productos de Peinado con Alcohol<\/strong><\/h3>\n<p>Los productos de peinado que contienen alcohol pueden secar tu cabello. Opta por productos libres de alcohol para mantener tu cabello hidratado.<\/p>\n<h3><strong>\u00b7 Mant\u00e9n tu Cabello Hidratado<\/strong><\/h3>\n<p>Es importante mantener tu cabello hidratado durante el verano. Puedes hacer esto aplicando regularmente un acondicionador profundo o un tratamiento capilar.<\/p>\n<p><img data-recalc-dims=\"1\" fetchpriority=\"high\" decoding=\"async\" class=\"alignnone wp-image-1256\" src=\"https:\/\/i0.wp.com\/bellvr.net\/wp-content\/uploads\/2023\/07\/2-1.jpg?resize=640%2C426&#038;ssl=1\" alt=\"\" width=\"640\" height=\"426\" srcset=\"https:\/\/i0.wp.com\/bellvr.net\/wp-content\/uploads\/2023\/07\/2-1.jpg?resize=300%2C200&amp;ssl=1 300w, https:\/\/i0.wp.com\/bellvr.net\/wp-content\/uploads\/2023\/07\/2-1.jpg?w=696&amp;ssl=1 696w\" sizes=\"(max-width: 640px) 100vw, 640px\" \/><\/p>\n<h2><strong>Consejos para mantener el pelo hidratado<\/strong><\/h2>\n<ul>\n<li><strong>Hidrataci\u00f3n interna:<\/strong> Lo que comes y bebes afecta directamente a la salud de tu pelo. Aseg\u00farate de estar bien hidratado\/a, bebiendo agua y jugos naturales. Agrega a tu dieta alimentos ricos en agua, como pepinos, sand\u00eda, y fresas.<\/li>\n<li><strong>Rutina de aceites esenciales:<\/strong> Los aceites esenciales como el de coco, arg\u00e1n o jojoba son excelentes para mantener tu pelo hidratado. Prueba a hacer una rutina nocturna aplic\u00e1ndote el aceite desde la ra\u00edz hasta las puntas, duerme con \u00e9l y l\u00e1vatelo por la ma\u00f1ana.<\/li>\n<li><strong>Mascarillas caseras de aloe vera:<\/strong> El aloe vera es un excelente hidratante natural. Puedes hacer tu propia mascarilla mezclando el gel de aloe vera con tu acondicionador habitual. Aplica en el pelo, d\u00e9jalo actuar durante 30 minutos y enjuaga.<\/li>\n<li><strong>Evita lavar tu cabello todos los d\u00edas:<\/strong> Si bien la idea de un pelo limpio y fresco suena atractiva en verano, lavar tu cabello todos los d\u00edas puede eliminar sus aceites naturales, causando sequedad. Intenta lavarlo cada dos d\u00edas y usa un champ\u00fa seco si es necesario.<\/li>\n<li><strong>Rutina inversa de acondicionamiento:<\/strong> La rutina de acondicionamiento inverso implica aplicar el acondicionador antes que el champ\u00fa. Esto permite que el cabello absorba la hidrataci\u00f3n que necesita antes del proceso de limpieza, previniendo que el champ\u00fa seque el cabello.<\/li>\n<li><strong>Refresca tu cabello con agua de rosas:<\/strong> El agua de rosas es una excelente forma de refrescar y revitalizar tu pelo. Simplemente llena una botella de spray con agua de rosas y roc\u00eda tu cabello durante el d\u00eda para un impulso instant\u00e1neo de hidrataci\u00f3n.<\/li>\n<\/ul>\n<p><img data-recalc-dims=\"1\" decoding=\"async\" class=\"alignnone wp-image-1257\" src=\"https:\/\/i0.wp.com\/bellvr.net\/wp-content\/uploads\/2023\/07\/3.jpg?resize=640%2C427&#038;ssl=1\" alt=\"\" width=\"640\" height=\"427\" srcset=\"https:\/\/i0.wp.com\/bellvr.net\/wp-content\/uploads\/2023\/07\/3.jpg?resize=300%2C200&amp;ssl=1 300w, https:\/\/i0.wp.com\/bellvr.net\/wp-content\/uploads\/2023\/07\/3.jpg?w=696&amp;ssl=1 696w\" sizes=\"(max-width: 640px) 100vw, 640px\" \/><\/p>\n<h2><strong>\u00bfCu\u00e1ntas Veces es Recomendable Lavarlo?<\/strong><\/h2>\n<p>Durante el verano, puedes sentir la necesidad de lavar tu cabello con m\u00e1s frecuencia debido al sudor y al polvo. Sin embargo, lavar tu cabello demasiado puede ser contraproducente, ya que puede eliminar los aceites naturales que mantienen tu cabello hidratado. En general, es recomendable lavar tu cabello cada dos o tres d\u00edas. Si tu cabello es especialmente graso, puedes lavarlo diariamente, pero aseg\u00farate de usar un champ\u00fa suave y siempre aplica un acondicionador.<\/p>\n<p>&nbsp;<\/p>\n<p>Ahora que has llegado al final del art\u00edculo, estamos seguros de que est\u00e1s equipado con los mejores consejos para mantener cuidado el pelo en verano. No olvides que el sol, aunque nos brinda d\u00edas hermosos de playa y piscina, puede ser un gran enemigo para nuestro cabello si no tomamos las precauciones necesarias. Por eso, este verano, prot\u00e9gete del sol y luce un cabello saludable y radiante. Recuerda, tu cabello es tu corona, \u00a1cu\u00eddala como tal!<\/p>","protected":false},"excerpt":{"rendered":"<p>Todos amamos el sol, pero \u00bfsab\u00edas que puede ser un enemigo mortal para tu cabello? S\u00ed, le\u00edste bien. Los rayos del sol no solo pueden da\u00f1ar tu piel, sino que tambi\u00e9n pueden afectar seriamente la salud de tu cabello. Pero no te preocupes, estamos aqu\u00ed para ayudarte. \u00bfQuieres saber c\u00f3mo proteger tu cabello y mantenerlo [&hellip;]<\/p>\n","protected":false},"author":2,"featured_media":1255,"comment_status":"closed","ping_status":"open","sticky":false,"template":"","format":"standard","meta":{"_acf_changed":false,"footnotes":""},"categories":[28],"tags":[],"class_list":["post-1231","post","type-post","status-publish","format-standard","has-post-thumbnail","hentry","category-cuidado-personal"],"acf":[],"yoast_head":"<!-- This site is optimized with the Yoast SEO plugin v27.2 - https:\/\/yoast.com\/product\/yoast-seo-wordpress\/ -->\n<title>Consejos para mantener el pelo cuidado en verano - Bell VR | Sal&oacute;n de belleza en Barcelona, tratamientos capilares y faciales, est&eacute;tica, coloraci&oacute;n y extensiones<\/title>\n<meta name=\"description\" content=\"El verano puede ser una temporada dura para tu cabello. El calor, el sol, el agua salada del mar, etc pueden causar estragos en tu melena...\" \/>\n<meta name=\"robots\" content=\"index, follow, max-snippet:-1, max-image-preview:large, max-video-preview:-1\" \/>\n<link rel=\"canonical\" href=\"https:\/\/bellvr.net\/ca\/consejos-para-mantener-cuidado-el-pelo-en-verano\/\" \/>\n<meta property=\"og:locale\" content=\"ca_ES\" \/>\n<meta property=\"og:type\" content=\"article\" \/>\n<meta property=\"og:title\" content=\"Consejos para mantener el pelo cuidado en verano - Bell VR | Sal&oacute;n de belleza en Barcelona, tratamientos capilares y faciales, est&eacute;tica, coloraci&oacute;n y extensiones\" \/>\n<meta property=\"og:description\" content=\"El verano puede ser una temporada dura para tu cabello. El calor, el sol, el agua salada del mar, etc pueden causar estragos en tu melena...\" \/>\n<meta property=\"og:url\" content=\"https:\/\/bellvr.net\/ca\/consejos-para-mantener-cuidado-el-pelo-en-verano\/\" \/>\n<meta property=\"og:site_name\" content=\"Bell VR | Sal&oacute;n de belleza en Barcelona, tratamientos capilares y faciales, est&eacute;tica, coloraci&oacute;n y extensiones\" \/>\n<meta property=\"article:published_time\" content=\"2023-07-18T12:03:43+00:00\" \/>\n<meta property=\"article:modified_time\" content=\"2023-07-26T15:07:30+00:00\" \/>\n<meta property=\"og:image\" content=\"https:\/\/bellvr.net\/wp-content\/uploads\/2023\/07\/primero.jpg\" \/>\n\t<meta property=\"og:image:width\" content=\"696\" \/>\n\t<meta property=\"og:image:height\" content=\"464\" \/>\n\t<meta property=\"og:image:type\" content=\"image\/jpeg\" \/>\n<meta name=\"author\" content=\"Bell VR\" \/>\n<meta name=\"twitter:card\" content=\"summary_large_image\" \/>\n<meta name=\"twitter:label1\" content=\"Escrit per\" \/>\n\t<meta name=\"twitter:data1\" content=\"Bell VR\" \/>\n\t<meta name=\"twitter:label2\" content=\"Temps estimat de lectura\" \/>\n\t<meta name=\"twitter:data2\" content=\"5 minuts\" \/>\n<script type=\"application\/ld+json\" class=\"yoast-schema-graph\">{\"@context\":\"https:\/\/schema.org\",\"@graph\":[{\"@type\":\"Article\",\"@id\":\"https:\/\/bellvr.net\/consejos-para-mantener-cuidado-el-pelo-en-verano\/#article\",\"isPartOf\":{\"@id\":\"https:\/\/bellvr.net\/consejos-para-mantener-cuidado-el-pelo-en-verano\/\"},\"author\":{\"name\":\"Bell VR\",\"@id\":\"https:\/\/bellvr.net\/#\/schema\/person\/8782b4208bd30fb589ed1f709cb0da96\"},\"headline\":\"Consejos para mantener el pelo cuidado en verano\",\"datePublished\":\"2023-07-18T12:03:43+00:00\",\"dateModified\":\"2023-07-26T15:07:30+00:00\",\"mainEntityOfPage\":{\"@id\":\"https:\/\/bellvr.net\/consejos-para-mantener-cuidado-el-pelo-en-verano\/\"},\"wordCount\":1005,\"publisher\":{\"@id\":\"https:\/\/bellvr.net\/#organization\"},\"image\":{\"@id\":\"https:\/\/bellvr.net\/consejos-para-mantener-cuidado-el-pelo-en-verano\/#primaryimage\"},\"thumbnailUrl\":\"https:\/\/i0.wp.com\/bellvr.net\/wp-content\/uploads\/2023\/07\/primero.jpg?fit=696%2C464&ssl=1\",\"articleSection\":[\"Cuidado personal\"],\"inLanguage\":\"ca\"},{\"@type\":\"WebPage\",\"@id\":\"https:\/\/bellvr.net\/consejos-para-mantener-cuidado-el-pelo-en-verano\/\",\"url\":\"https:\/\/bellvr.net\/consejos-para-mantener-cuidado-el-pelo-en-verano\/\",\"name\":\"Consejos para mantener el pelo cuidado en verano - Bell VR | Sal&oacute;n de belleza en Barcelona, tratamientos capilares y faciales, est&eacute;tica, coloraci&oacute;n y extensiones\",\"isPartOf\":{\"@id\":\"https:\/\/bellvr.net\/#website\"},\"primaryImageOfPage\":{\"@id\":\"https:\/\/bellvr.net\/consejos-para-mantener-cuidado-el-pelo-en-verano\/#primaryimage\"},\"image\":{\"@id\":\"https:\/\/bellvr.net\/consejos-para-mantener-cuidado-el-pelo-en-verano\/#primaryimage\"},\"thumbnailUrl\":\"https:\/\/i0.wp.com\/bellvr.net\/wp-content\/uploads\/2023\/07\/primero.jpg?fit=696%2C464&ssl=1\",\"datePublished\":\"2023-07-18T12:03:43+00:00\",\"dateModified\":\"2023-07-26T15:07:30+00:00\",\"description\":\"El verano puede ser una temporada dura para tu cabello. El calor, el sol, el agua salada del mar, etc pueden causar estragos en tu melena...\",\"breadcrumb\":{\"@id\":\"https:\/\/bellvr.net\/consejos-para-mantener-cuidado-el-pelo-en-verano\/#breadcrumb\"},\"inLanguage\":\"ca\",\"potentialAction\":[{\"@type\":\"ReadAction\",\"target\":[\"https:\/\/bellvr.net\/consejos-para-mantener-cuidado-el-pelo-en-verano\/\"]}]},{\"@type\":\"ImageObject\",\"inLanguage\":\"ca\",\"@id\":\"https:\/\/bellvr.net\/consejos-para-mantener-cuidado-el-pelo-en-verano\/#primaryimage\",\"url\":\"https:\/\/i0.wp.com\/bellvr.net\/wp-content\/uploads\/2023\/07\/primero.jpg?fit=696%2C464&ssl=1\",\"contentUrl\":\"https:\/\/i0.wp.com\/bellvr.net\/wp-content\/uploads\/2023\/07\/primero.jpg?fit=696%2C464&ssl=1\",\"width\":696,\"height\":464},{\"@type\":\"BreadcrumbList\",\"@id\":\"https:\/\/bellvr.net\/consejos-para-mantener-cuidado-el-pelo-en-verano\/#breadcrumb\",\"itemListElement\":[{\"@type\":\"ListItem\",\"position\":1,\"name\":\"Portada\",\"item\":\"https:\/\/bellvr.net\/\"},{\"@type\":\"ListItem\",\"position\":2,\"name\":\"Consejos para mantener el pelo cuidado en verano\"}]},{\"@type\":\"WebSite\",\"@id\":\"https:\/\/bellvr.net\/#website\",\"url\":\"https:\/\/bellvr.net\/\",\"name\":\"Bell VR | Sal&oacute;n de belleza en Barcelona, tratamientos capilares y faciales, est&eacute;tica, coloraci&oacute;n y extensiones\",\"description\":\"\",\"publisher\":{\"@id\":\"https:\/\/bellvr.net\/#organization\"},\"potentialAction\":[{\"@type\":\"SearchAction\",\"target\":{\"@type\":\"EntryPoint\",\"urlTemplate\":\"https:\/\/bellvr.net\/?s={search_term_string}\"},\"query-input\":{\"@type\":\"PropertyValueSpecification\",\"valueRequired\":true,\"valueName\":\"search_term_string\"}}],\"inLanguage\":\"ca\"},{\"@type\":\"Organization\",\"@id\":\"https:\/\/bellvr.net\/#organization\",\"name\":\"Bell VR | Sal&oacute;n de belleza en Barcelona, tratamientos capilares y faciales, est&eacute;tica, coloraci&oacute;n y extensiones\",\"url\":\"https:\/\/bellvr.net\/\",\"logo\":{\"@type\":\"ImageObject\",\"inLanguage\":\"ca\",\"@id\":\"https:\/\/bellvr.net\/#\/schema\/logo\/image\/\",\"url\":\"https:\/\/bellvr.net\/wp-content\/uploads\/2023\/07\/2.jpg\",\"contentUrl\":\"https:\/\/bellvr.net\/wp-content\/uploads\/2023\/07\/2.jpg\",\"width\":696,\"height\":464,\"caption\":\"Bell VR | Sal&oacute;n de belleza en Barcelona, tratamientos capilares y faciales, est&eacute;tica, coloraci&oacute;n y extensiones\"},\"image\":{\"@id\":\"https:\/\/bellvr.net\/#\/schema\/logo\/image\/\"},\"sameAs\":[\"https:\/\/www.instagram.com\/bell.victoriaramos\/?hl=es\"]},{\"@type\":\"Person\",\"@id\":\"https:\/\/bellvr.net\/#\/schema\/person\/8782b4208bd30fb589ed1f709cb0da96\",\"name\":\"Bell VR\",\"image\":{\"@type\":\"ImageObject\",\"inLanguage\":\"ca\",\"@id\":\"https:\/\/secure.gravatar.com\/avatar\/fcdc65fc9be360e8768fa64d987fa23e2bfb6503015d60a26beeac6f339ee628?s=96&d=mm&r=g\",\"url\":\"https:\/\/secure.gravatar.com\/avatar\/fcdc65fc9be360e8768fa64d987fa23e2bfb6503015d60a26beeac6f339ee628?s=96&d=mm&r=g\",\"contentUrl\":\"https:\/\/secure.gravatar.com\/avatar\/fcdc65fc9be360e8768fa64d987fa23e2bfb6503015d60a26beeac6f339ee628?s=96&d=mm&r=g\",\"caption\":\"Bell VR\"},\"url\":\"https:\/\/bellvr.net\/ca\/author\/bell-vr\/\"}]}<\/script>\n<!-- \/ Yoast SEO plugin. -->","yoast_head_json":{"title":"Consejos para mantener el pelo cuidado en verano - Bell VR | Sal&oacute;n de belleza en Barcelona, tratamientos capilares y faciales, est&eacute;tica, coloraci&oacute;n y extensiones","description":"El verano puede ser una temporada dura para tu cabello. El calor, el sol, el agua salada del mar, etc pueden causar estragos en tu melena...","robots":{"index":"index","follow":"follow","max-snippet":"max-snippet:-1","max-image-preview":"max-image-preview:large","max-video-preview":"max-video-preview:-1"},"canonical":"https:\/\/bellvr.net\/ca\/consejos-para-mantener-cuidado-el-pelo-en-verano\/","og_locale":"ca_ES","og_type":"article","og_title":"Consejos para mantener el pelo cuidado en verano - Bell VR | Sal&oacute;n de belleza en Barcelona, tratamientos capilares y faciales, est&eacute;tica, coloraci&oacute;n y extensiones","og_description":"El verano puede ser una temporada dura para tu cabello. El calor, el sol, el agua salada del mar, etc pueden causar estragos en tu melena...","og_url":"https:\/\/bellvr.net\/ca\/consejos-para-mantener-cuidado-el-pelo-en-verano\/","og_site_name":"Bell VR | Sal&oacute;n de belleza en Barcelona, tratamientos capilares y faciales, est&eacute;tica, coloraci&oacute;n y extensiones","article_published_time":"2023-07-18T12:03:43+00:00","article_modified_time":"2023-07-26T15:07:30+00:00","og_image":[{"width":696,"height":464,"url":"https:\/\/bellvr.net\/wp-content\/uploads\/2023\/07\/primero.jpg","type":"image\/jpeg"}],"author":"Bell VR","twitter_card":"summary_large_image","twitter_misc":{"Escrit per":"Bell VR","Temps estimat de lectura":"5 minuts"},"schema":{"@context":"https:\/\/schema.org","@graph":[{"@type":"Article","@id":"https:\/\/bellvr.net\/consejos-para-mantener-cuidado-el-pelo-en-verano\/#article","isPartOf":{"@id":"https:\/\/bellvr.net\/consejos-para-mantener-cuidado-el-pelo-en-verano\/"},"author":{"name":"Bell VR","@id":"https:\/\/bellvr.net\/#\/schema\/person\/8782b4208bd30fb589ed1f709cb0da96"},"headline":"Consejos para mantener el pelo cuidado en verano","datePublished":"2023-07-18T12:03:43+00:00","dateModified":"2023-07-26T15:07:30+00:00","mainEntityOfPage":{"@id":"https:\/\/bellvr.net\/consejos-para-mantener-cuidado-el-pelo-en-verano\/"},"wordCount":1005,"publisher":{"@id":"https:\/\/bellvr.net\/#organization"},"image":{"@id":"https:\/\/bellvr.net\/consejos-para-mantener-cuidado-el-pelo-en-verano\/#primaryimage"},"thumbnailUrl":"https:\/\/i0.wp.com\/bellvr.net\/wp-content\/uploads\/2023\/07\/primero.jpg?fit=696%2C464&ssl=1","articleSection":["Cuidado personal"],"inLanguage":"ca"},{"@type":"WebPage","@id":"https:\/\/bellvr.net\/consejos-para-mantener-cuidado-el-pelo-en-verano\/","url":"https:\/\/bellvr.net\/consejos-para-mantener-cuidado-el-pelo-en-verano\/","name":"Consejos para mantener el pelo cuidado en verano - Bell VR | Sal&oacute;n de belleza en Barcelona, tratamientos capilares y faciales, est&eacute;tica, coloraci&oacute;n y extensiones","isPartOf":{"@id":"https:\/\/bellvr.net\/#website"},"primaryImageOfPage":{"@id":"https:\/\/bellvr.net\/consejos-para-mantener-cuidado-el-pelo-en-verano\/#primaryimage"},"image":{"@id":"https:\/\/bellvr.net\/consejos-para-mantener-cuidado-el-pelo-en-verano\/#primaryimage"},"thumbnailUrl":"https:\/\/i0.wp.com\/bellvr.net\/wp-content\/uploads\/2023\/07\/primero.jpg?fit=696%2C464&ssl=1","datePublished":"2023-07-18T12:03:43+00:00","dateModified":"2023-07-26T15:07:30+00:00","description":"El verano puede ser una temporada dura para tu cabello. El calor, el sol, el agua salada del mar, etc pueden causar estragos en tu melena...","breadcrumb":{"@id":"https:\/\/bellvr.net\/consejos-para-mantener-cuidado-el-pelo-en-verano\/#breadcrumb"},"inLanguage":"ca","potentialAction":[{"@type":"ReadAction","target":["https:\/\/bellvr.net\/consejos-para-mantener-cuidado-el-pelo-en-verano\/"]}]},{"@type":"ImageObject","inLanguage":"ca","@id":"https:\/\/bellvr.net\/consejos-para-mantener-cuidado-el-pelo-en-verano\/#primaryimage","url":"https:\/\/i0.wp.com\/bellvr.net\/wp-content\/uploads\/2023\/07\/primero.jpg?fit=696%2C464&ssl=1","contentUrl":"https:\/\/i0.wp.com\/bellvr.net\/wp-content\/uploads\/2023\/07\/primero.jpg?fit=696%2C464&ssl=1","width":696,"height":464},{"@type":"BreadcrumbList","@id":"https:\/\/bellvr.net\/consejos-para-mantener-cuidado-el-pelo-en-verano\/#breadcrumb","itemListElement":[{"@type":"ListItem","position":1,"name":"Portada","item":"https:\/\/bellvr.net\/"},{"@type":"ListItem","position":2,"name":"Consejos para mantener el pelo cuidado en verano"}]},{"@type":"WebSite","@id":"https:\/\/bellvr.net\/#website","url":"https:\/\/bellvr.net\/","name":"Bell VR | Sal&oacute;n de belleza en Barcelona, tratamientos capilares y faciales, est&eacute;tica, coloraci&oacute;n y extensiones","description":"","publisher":{"@id":"https:\/\/bellvr.net\/#organization"},"potentialAction":[{"@type":"SearchAction","target":{"@type":"EntryPoint","urlTemplate":"https:\/\/bellvr.net\/?s={search_term_string}"},"query-input":{"@type":"PropertyValueSpecification","valueRequired":true,"valueName":"search_term_string"}}],"inLanguage":"ca"},{"@type":"Organization","@id":"https:\/\/bellvr.net\/#organization","name":"Bell VR | Sal&oacute;n de belleza en Barcelona, tratamientos capilares y faciales, est&eacute;tica, coloraci&oacute;n y extensiones","url":"https:\/\/bellvr.net\/","logo":{"@type":"ImageObject","inLanguage":"ca","@id":"https:\/\/bellvr.net\/#\/schema\/logo\/image\/","url":"https:\/\/bellvr.net\/wp-content\/uploads\/2023\/07\/2.jpg","contentUrl":"https:\/\/bellvr.net\/wp-content\/uploads\/2023\/07\/2.jpg","width":696,"height":464,"caption":"Bell VR | Sal&oacute;n de belleza en Barcelona, tratamientos capilares y faciales, est&eacute;tica, coloraci&oacute;n y extensiones"},"image":{"@id":"https:\/\/bellvr.net\/#\/schema\/logo\/image\/"},"sameAs":["https:\/\/www.instagram.com\/bell.victoriaramos\/?hl=es"]},{"@type":"Person","@id":"https:\/\/bellvr.net\/#\/schema\/person\/8782b4208bd30fb589ed1f709cb0da96","name":"Bell VR","image":{"@type":"ImageObject","inLanguage":"ca","@id":"https:\/\/secure.gravatar.com\/avatar\/fcdc65fc9be360e8768fa64d987fa23e2bfb6503015d60a26beeac6f339ee628?s=96&d=mm&r=g","url":"https:\/\/secure.gravatar.com\/avatar\/fcdc65fc9be360e8768fa64d987fa23e2bfb6503015d60a26beeac6f339ee628?s=96&d=mm&r=g","contentUrl":"https:\/\/secure.gravatar.com\/avatar\/fcdc65fc9be360e8768fa64d987fa23e2bfb6503015d60a26beeac6f339ee628?s=96&d=mm&r=g","caption":"Bell VR"},"url":"https:\/\/bellvr.net\/ca\/author\/bell-vr\/"}]}},"_links":{"self":[{"href":"https:\/\/bellvr.net\/ca\/wp-json\/wp\/v2\/posts\/1231","targetHints":{"allow":["GET"]}}],"collection":[{"href":"https:\/\/bellvr.net\/ca\/wp-json\/wp\/v2\/posts"}],"about":[{"href":"https:\/\/bellvr.net\/ca\/wp-json\/wp\/v2\/types\/post"}],"author":[{"embeddable":true,"href":"https:\/\/bellvr.net\/ca\/wp-json\/wp\/v2\/users\/2"}],"replies":[{"embeddable":true,"href":"https:\/\/bellvr.net\/ca\/wp-json\/wp\/v2\/comments?post=1231"}],"version-history":[{"count":2,"href":"https:\/\/bellvr.net\/ca\/wp-json\/wp\/v2\/posts\/1231\/revisions"}],"predecessor-version":[{"id":1260,"href":"https:\/\/bellvr.net\/ca\/wp-json\/wp\/v2\/posts\/1231\/revisions\/1260"}],"wp:featuredmedia":[{"embeddable":true,"href":"https:\/\/bellvr.net\/ca\/wp-json\/wp\/v2\/media\/1255"}],"wp:attachment":[{"href":"https:\/\/bellvr.net\/ca\/wp-json\/wp\/v2\/media?parent=1231"}],"wp:term":[{"taxonomy":"category","embeddable":true,"href":"https:\/\/bellvr.net\/ca\/wp-json\/wp\/v2\/categories?post=1231"},{"taxonomy":"post_tag","embeddable":true,"href":"https:\/\/bellvr.net\/ca\/wp-json\/wp\/v2\/tags?post=1231"}],"curies":[{"name":"wp","href":"https:\/\/api.w.org\/{rel}","templated":true}]}}