{"id":1534,"date":"2023-10-11T17:42:56","date_gmt":"2023-10-11T17:42:56","guid":{"rendered":"https:\/\/bellvr.net\/?p=1534"},"modified":"2023-10-18T12:36:54","modified_gmt":"2023-10-18T12:36:54","slug":"tratamientos-para-el-pelo-deshidratado-dale-vida-a-tu-melena","status":"publish","type":"post","link":"https:\/\/bellvr.net\/ca\/tratamientos-para-el-pelo-deshidratado-dale-vida-a-tu-melena\/","title":{"rendered":"Tratamientos para el pelo deshidratado: \u00a1Dale vida a tu melena!"},"content":{"rendered":"<p>\u00bfSientes que tu cabello ha perdido su brillo y suavidad? \u00bfNotas que, a pesar de tus esfuerzos, sigue luciendo opaco y sin vida? Si te identificas con esto, es probable que est\u00e9s lidiando con pelo deshidratado. Pero no te preocupes, \u00a1hay soluci\u00f3n! En este art\u00edculo, te revelaremos los tratamientos m\u00e1s efectivos para revitalizar tu melena. \u00a1Sigue leyendo y descubre c\u00f3mo recuperar la salud y belleza de tu cabello!<\/p>\n<p>&nbsp;<\/p>\n<h2><strong>\u00bfQu\u00e9 tratamiento es bueno para el pelo deshidratado?<\/strong><\/h2>\n<p>El pelo deshidratado puede ser el resultado de m\u00faltiples factores, desde la exposici\u00f3n constante al sol, el uso frecuente de herramientas de calor, hasta tratamientos qu\u00edmicos agresivos. Afortunadamente, en el mundo de la peluquer\u00eda, existen tratamientos espec\u00edficos dise\u00f1ados para combatir este problema y devolverle la vida a tu melena. Veamos algunas de las opciones m\u00e1s populares y efectivas:<\/p>\n<h3><strong>Mascarillas nutritivas<\/strong><\/h3>\n<p>Las mascarillas son uno de los tratamientos m\u00e1s populares en peluquer\u00eda para el pelo deshidratado. Estas, especialmente las formuladas con ingredientes naturales como aceite de arg\u00e1n, coco, jojoba o aguacate, penetran profundamente en la fibra capilar, aportando una hidrataci\u00f3n y nutrici\u00f3n intensa. En la peluquer\u00eda, se potencia su efecto con t\u00e9cnicas de aplicaci\u00f3n y tiempos de reposo espec\u00edficos.<\/p>\n<h3><strong>Tratamientos con keratina<\/strong><\/h3>\n<p>La keratina es una prote\u00edna esencial que compone nuestro cabello. Con el tiempo y debido a factores externos, la keratina natural del cabello puede deteriorarse. Un tratamiento de keratina en peluquer\u00eda repone esta prote\u00edna, sella la cut\u00edcula y combate el frizz, dejando el pelo suave, brillante y manejable.<\/p>\n<h3><strong>Ba\u00f1os de crema<\/strong><\/h3>\n<p>Estos tratamientos, realizados en peluquer\u00eda, consisten en aplicar cremas ricas en nutrientes y vitaminas que act\u00faan en profundidad. A menudo, se utilizan fuentes de calor, como gorros t\u00e9rmicos, para potenciar su absorci\u00f3n.<\/p>\n<h3><strong>Tratamientos de aceites esenciales<\/strong><\/h3>\n<p>Los aceites esenciales, como el de romero, lavanda o ylang-ylang, se utilizan para nutrir el cuero cabelludo y fortalecer el cabello desde la ra\u00edz. En la peluquer\u00eda, estos aceites se mezclan y se aplican con t\u00e9cnicas de masaje para estimular la circulaci\u00f3n y potenciar su efecto.<\/p>\n<h3><strong>Tratamientos a base de \u00e1cido hialur\u00f3nico<\/strong><\/h3>\n<p>El \u00e1cido hialur\u00f3nico, conocido por sus propiedades hidratantes en tratamientos faciales, tambi\u00e9n es beneficioso para el cabello. Ayuda a retener la humedad, rellenando la fibra capilar y proporcionando un aspecto m\u00e1s denso y saludable.<\/p>\n<p>Si sientes que tu cabello est\u00e1 deshidratado, es fundamental acudir a un profesional de peluquer\u00eda que pueda asesorarte sobre el tratamiento m\u00e1s adecuado seg\u00fan tus necesidades y caracter\u00edsticas espec\u00edficas del cabello. Con el tratamiento adecuado, tu melena puede recuperar su vitalidad, brillo y suavidad en poco tiempo.<\/p>\n<p><img data-recalc-dims=\"1\" fetchpriority=\"high\" decoding=\"async\" class=\"alignnone  wp-image-1536\" src=\"https:\/\/i0.wp.com\/bellvr.net\/wp-content\/uploads\/2023\/10\/pelo-deshidratado-2-300x200.webp?resize=640%2C427&#038;ssl=1\" alt=\"\" width=\"640\" height=\"427\" srcset=\"https:\/\/i0.wp.com\/bellvr.net\/wp-content\/uploads\/2023\/10\/pelo-deshidratado-2-jpg.webp?resize=300%2C200&amp;ssl=1 300w, https:\/\/i0.wp.com\/bellvr.net\/wp-content\/uploads\/2023\/10\/pelo-deshidratado-2-jpg.webp?resize=18%2C12&amp;ssl=1 18w, https:\/\/i0.wp.com\/bellvr.net\/wp-content\/uploads\/2023\/10\/pelo-deshidratado-2-jpg.webp?w=696&amp;ssl=1 696w\" sizes=\"(max-width: 640px) 100vw, 640px\" \/><\/p>\n<h2><strong>Beneficios de realizarse tratamientos de nutrici\u00f3n para el pelo<\/strong><\/h2>\n<p>El cabello, al igual que nuestra piel, necesita cuidados y nutrici\u00f3n para mantenerse en \u00f3ptimas condiciones. Los tratamientos de nutrici\u00f3n capilar ofrecen una serie de beneficios que van m\u00e1s all\u00e1 de la simple est\u00e9tica. Aqu\u00ed te presentamos una lista detallada de las ventajas que puedes obtener al someterte a estos tratamientos:<\/p>\n<ul>\n<li><strong>Restauraci\u00f3n del brillo y suavidad:<\/strong> Uno de los beneficios m\u00e1s notables es la recuperaci\u00f3n del brillo natural del cabello. Al nutrirlo desde el interior, el pelo recupera su luminosidad y suavidad, luciendo m\u00e1s saludable y radiante.<\/li>\n<li><strong>Protecci\u00f3n contra da\u00f1os externos:<\/strong> Un cabello bien nutrido forma una barrera natural contra los factores externos da\u00f1inos, como el sol, el cloro de las piscinas, la contaminaci\u00f3n y las herramientas de calor. Esta protecci\u00f3n evita que el cabello se deshidrate y se da\u00f1e con facilidad.<\/li>\n<li><strong>Prevenci\u00f3n de puntas abiertas y rotura:<\/strong> La hidrataci\u00f3n y nutrici\u00f3n adecuadas fortalecen la fibra capilar, previniendo la aparici\u00f3n de puntas abiertas y reduciendo la rotura del cabello.<\/li>\n<li><strong>Mejora de la elasticidad:<\/strong> Un cabello nutrido es m\u00e1s el\u00e1stico y resistente, lo que reduce las posibilidades de que se quiebre al peinarlo o al realizar estilos que requieran tensi\u00f3n.<\/li>\n<li><strong>Control del frizz:<\/strong> La deshidrataci\u00f3n es una de las principales causas del frizz. Al nutrir el cabello, se equilibra su nivel de humedad, lo que ayuda a controlar y reducir el encrespamiento.<\/li>\n<li><strong>Estimulaci\u00f3n del crecimiento:<\/strong> Un cuero cabelludo sano y bien nutrido favorece el crecimiento del cabello. Los tratamientos nutritivos pueden ayudar a estimular la circulaci\u00f3n en el cuero cabelludo, promoviendo un crecimiento m\u00e1s r\u00e1pido y saludable.<\/li>\n<li><strong>Mejora en la textura del cabello:<\/strong> Al recibir los nutrientes necesarios, el cabello mejora su textura, volvi\u00e9ndose m\u00e1s suave al tacto y m\u00e1s manejable al peinar.<\/li>\n<\/ul>\n<p>Al considerar todos estos beneficios, es evidente que los tratamientos de nutrici\u00f3n capilar son esenciales para mantener un cabello saludable y hermoso. No solo mejoran su apariencia, sino que tambi\u00e9n fortalecen y protegen la fibra capilar desde el interior.<\/p>\n<p>&nbsp;<\/p>\n<h2><strong>Soluciones para el pelo deshidratado<\/strong><\/h2>\n<p>El pelo deshidratado puede ser el resultado de diversos factores, desde la exposici\u00f3n constante al sol hasta el uso frecuente de herramientas de calor. Afortunadamente, hay m\u00faltiples soluciones que puedes implementar en tu rutina diaria para combatir este problema y devolverle a tu cabello su vitalidad:<\/p>\n<ul>\n<li><strong>Uso moderado de herramientas de calor:<\/strong> Si bien secadores, planchas y rizadores pueden ser grandes aliados para lograr peinados espectaculares, su uso constante puede despojar al cabello de su humedad natural. Intenta reducir su uso o, al menos, siempre aplica un protector t\u00e9rmico antes de utilizarlos.<\/li>\n<li><strong>Lavar con agua tibia:<\/strong> El agua caliente puede abrir las cut\u00edculas del cabello, lo que provoca que pierda su humedad natural. Opta por lavar tu cabello con agua tibia y finaliza con un enjuague de agua fr\u00eda para sellar las cut\u00edculas y aumentar el brillo.<\/li>\n<li><strong>Productos espec\u00edficos:<\/strong> Invierte en champ\u00fas, acondicionadores y tratamientos dise\u00f1ados espec\u00edficamente para cabellos deshidratados. Estos productos suelen contener ingredientes hidratantes como aceites naturales, aloe vera y glicerina.<\/li>\n<li><strong>Evita tratamientos qu\u00edmicos agresivos:<\/strong> Los tintes, decoloraciones y alisados qu\u00edmicos pueden contribuir a la deshidrataci\u00f3n del cabello. Si decides optar por estos tratamientos, aseg\u00farate de seguir con tratamientos de nutrici\u00f3n y hidrataci\u00f3n regularmente.<\/li>\n<li><strong>Protecci\u00f3n contra factores externos:<\/strong> Si vas a exponerte al sol, al cloro de las piscinas o al agua salada del mar, utiliza sombreros o productos protectores para el cabello. Estos act\u00faan como barreras que minimizan el da\u00f1o.<\/li>\n<li><strong>Masajes capilares:<\/strong> Realizar masajes en el cuero cabelludo con aceites naturales, como el aceite de coco o arg\u00e1n, no solo estimula la circulaci\u00f3n, sino que tambi\u00e9n aporta una hidrataci\u00f3n profunda al cabello.<\/li>\n<\/ul>\n<p>Al adoptar estas soluciones en tu rutina diaria, no solo combatir\u00e1s la deshidrataci\u00f3n, sino que tambi\u00e9n prevendr\u00e1s futuros da\u00f1os, asegurando que tu cabello se mantenga saludable, fuerte y radiante.<\/p>\n<p><img data-recalc-dims=\"1\" decoding=\"async\" class=\"alignnone  wp-image-1537\" src=\"https:\/\/i0.wp.com\/bellvr.net\/wp-content\/uploads\/2023\/10\/pelo-hidratado-300x200.webp?resize=640%2C426&#038;ssl=1\" alt=\"\" width=\"640\" height=\"426\" srcset=\"https:\/\/i0.wp.com\/bellvr.net\/wp-content\/uploads\/2023\/10\/pelo-hidratado-jpg.webp?resize=300%2C200&amp;ssl=1 300w, https:\/\/i0.wp.com\/bellvr.net\/wp-content\/uploads\/2023\/10\/pelo-hidratado-jpg.webp?resize=18%2C12&amp;ssl=1 18w, https:\/\/i0.wp.com\/bellvr.net\/wp-content\/uploads\/2023\/10\/pelo-hidratado-jpg.webp?w=696&amp;ssl=1 696w\" sizes=\"(max-width: 640px) 100vw, 640px\" \/><\/p>\n<h3><strong>Proceso de tratamientos de nutrici\u00f3n para el pelo deshidratado<\/strong><\/h3>\n<p>El proceso de nutrici\u00f3n para el pelo deshidratado es una experiencia revitalizante que busca devolverle al cabello su salud y brillo natural. Aunque cada tratamiento puede variar seg\u00fan el producto o t\u00e9cnica utilizada, la mayor\u00eda sigue una serie de pasos esenciales para garantizar la m\u00e1xima eficacia:<\/p>\n<ol>\n<li><strong>Diagn\u00f3stico:<\/strong> Todo comienza con un an\u00e1lisis detallado del cabello y el cuero cabelludo. Este diagn\u00f3stico permite al profesional determinar el nivel de deshidrataci\u00f3n, el tipo de cabello y las necesidades espec\u00edficas. A trav\u00e9s de este an\u00e1lisis, se puede personalizar el tratamiento para obtener los mejores resultados.<\/li>\n<li><strong>Preparaci\u00f3n:<\/strong> Antes de aplicar el tratamiento, el cabello se lava con un champ\u00fa especial que elimina cualquier residuo o impureza. Este paso asegura que el cabello est\u00e9 completamente limpio y listo para absorber los nutrientes del tratamiento.<\/li>\n<li><strong>Aplicaci\u00f3n del tratamiento:<\/strong> Dependiendo del tratamiento elegido, este puede incluir la aplicaci\u00f3n de mascarillas, serums, aceites o ampollas. A menudo, se utiliza un masaje capilar para potenciar la absorci\u00f3n y estimular la circulaci\u00f3n en el cuero cabelludo.<\/li>\n<li><strong>Uso de tecnolog\u00eda:<\/strong> En algunos casos, se pueden utilizar herramientas como l\u00e1mparas infrarrojas o vaporizadores para potenciar la penetraci\u00f3n de los productos y mejorar su eficacia.<\/li>\n<li><strong>Tiempo de espera:<\/strong> El tiempo que los productos act\u00faan en el cabello es crucial. Dependiendo de la intensidad del tratamiento, este periodo puede variar desde unos pocos minutos hasta m\u00e1s de una hora. Durante este tiempo, los ingredientes activos trabajan profundamente para nutrir y reparar la fibra capilar.<\/li>\n<li><strong>Enjuague y finalizaci\u00f3n:<\/strong> Una vez que los productos han actuado el tiempo necesario, se enjuaga el cabello cuidadosamente para eliminar cualquier residuo. Posteriormente, se aplica un producto sellador o acondicionador para mantener la hidrataci\u00f3n y proteger el cabello de agresiones externas.<\/li>\n<li><strong>Consejos y recomendaciones:<\/strong> Al finalizar el tratamiento, es com\u00fan que el profesional ofrezca consejos sobre c\u00f3mo mantener el cabello hidratado y qu\u00e9 productos usar en casa para prolongar los efectos del tratamiento.<\/li>\n<\/ol>\n<p>La nutrici\u00f3n para el pelo deshidratado es un proceso que va m\u00e1s all\u00e1 de una simple aplicaci\u00f3n de producto. Es una experiencia completa que busca no solo mejorar el aspecto del cabello, sino tambi\u00e9n su salud desde el interior. Al seguir estos pasos y confiar en manos expertas, puedes asegurarte de que tu melena recupere su vitalidad y brillo natural.<\/p>\n<h3><strong>\u00bfC\u00f3mo saber cu\u00e1ndo hacerme un tratamiento de nutrici\u00f3n en el pelo?<\/strong><\/h3>\n<p>Si notas que tu cabello est\u00e1 opaco, \u00e1spero al tacto, con frizz o puntas abiertas, es probable que necesites un tratamiento de nutrici\u00f3n. Adem\u00e1s, si has sometido tu cabello a procesos qu\u00edmicos, como tintes o alisados, es recomendable realizar tratamientos nutritivos con regularidad para mantenerlo saludable.<\/p>\n<p>&nbsp;<\/p>\n<p>El pelo deshidratado no es una sentencia de por vida. Con los tratamientos adecuados y un poco de cuidado diario, puedes recuperar la salud, belleza y vitalidad de tu melena. Recuerda siempre consultar con un especialista para elegir el tratamiento m\u00e1s adecuado para ti y disfrutar de un cabello radiante y lleno de vida.<\/p>","protected":false},"excerpt":{"rendered":"<p>\u00bfSientes que tu cabello ha perdido su brillo y suavidad? \u00bfNotas que, a pesar de tus esfuerzos, sigue luciendo opaco y sin vida? Si te identificas con esto, es probable que est\u00e9s lidiando con pelo deshidratado. Pero no te preocupes, \u00a1hay soluci\u00f3n! En este art\u00edculo, te revelaremos los tratamientos m\u00e1s efectivos para revitalizar tu melena. [&hellip;]<\/p>\n","protected":false},"author":2,"featured_media":1535,"comment_status":"open","ping_status":"open","sticky":false,"template":"","format":"standard","meta":{"_acf_changed":false,"footnotes":""},"categories":[27],"tags":[],"class_list":["post-1534","post","type-post","status-publish","format-standard","has-post-thumbnail","hentry","category-tratamientos"],"acf":[],"yoast_head":"<!-- This site is optimized with the Yoast SEO plugin v27.2 - https:\/\/yoast.com\/product\/yoast-seo-wordpress\/ -->\n<title>Tratamientos para el pelo deshidratado: \u00a1Dale vida a tu melena! - Bell VR | Sal&oacute;n de belleza en Barcelona, tratamientos capilares y faciales, est&eacute;tica, coloraci&oacute;n y extensiones<\/title>\n<meta name=\"description\" content=\"Te revelaremos los tratamientos m\u00e1s efectivos para revitalizar tu melena, descubre c\u00f3mo recuperar la salud y deshacerte del pelo deshidratado\" \/>\n<meta name=\"robots\" content=\"index, follow, max-snippet:-1, max-image-preview:large, max-video-preview:-1\" \/>\n<link rel=\"canonical\" href=\"https:\/\/bellvr.net\/ca\/tratamientos-para-el-pelo-deshidratado-dale-vida-a-tu-melena\/\" \/>\n<meta property=\"og:locale\" content=\"ca_ES\" \/>\n<meta property=\"og:type\" content=\"article\" \/>\n<meta property=\"og:title\" content=\"Tratamientos para el pelo deshidratado: \u00a1Dale vida a tu melena! - Bell VR | Sal&oacute;n de belleza en Barcelona, tratamientos capilares y faciales, est&eacute;tica, coloraci&oacute;n y extensiones\" \/>\n<meta property=\"og:description\" content=\"Te revelaremos los tratamientos m\u00e1s efectivos para revitalizar tu melena, descubre c\u00f3mo recuperar la salud y deshacerte del pelo deshidratado\" \/>\n<meta property=\"og:url\" content=\"https:\/\/bellvr.net\/ca\/tratamientos-para-el-pelo-deshidratado-dale-vida-a-tu-melena\/\" \/>\n<meta property=\"og:site_name\" content=\"Bell VR | Sal&oacute;n de belleza en Barcelona, tratamientos capilares y faciales, est&eacute;tica, coloraci&oacute;n y extensiones\" \/>\n<meta property=\"article:published_time\" content=\"2023-10-11T17:42:56+00:00\" \/>\n<meta property=\"article:modified_time\" content=\"2023-10-18T12:36:54+00:00\" \/>\n<meta property=\"og:image\" content=\"https:\/\/bellvr.net\/wp-content\/uploads\/2023\/10\/pelo-deshidratado-jpg.webp\" \/>\n\t<meta property=\"og:image:width\" content=\"696\" \/>\n\t<meta property=\"og:image:height\" content=\"464\" \/>\n\t<meta property=\"og:image:type\" content=\"image\/jpeg\" \/>\n<meta name=\"author\" content=\"Bell VR\" \/>\n<meta name=\"twitter:card\" content=\"summary_large_image\" \/>\n<meta name=\"twitter:label1\" content=\"Escrit per\" \/>\n\t<meta name=\"twitter:data1\" content=\"Bell VR\" \/>\n\t<meta name=\"twitter:label2\" content=\"Temps estimat de lectura\" \/>\n\t<meta name=\"twitter:data2\" content=\"8 minuts\" \/>\n<script type=\"application\/ld+json\" class=\"yoast-schema-graph\">{\"@context\":\"https:\/\/schema.org\",\"@graph\":[{\"@type\":\"Article\",\"@id\":\"https:\/\/bellvr.net\/tratamientos-para-el-pelo-deshidratado-dale-vida-a-tu-melena\/#article\",\"isPartOf\":{\"@id\":\"https:\/\/bellvr.net\/tratamientos-para-el-pelo-deshidratado-dale-vida-a-tu-melena\/\"},\"author\":{\"name\":\"Bell VR\",\"@id\":\"https:\/\/bellvr.net\/#\/schema\/person\/8782b4208bd30fb589ed1f709cb0da96\"},\"headline\":\"Tratamientos para el pelo deshidratado: \u00a1Dale vida a tu melena!\",\"datePublished\":\"2023-10-11T17:42:56+00:00\",\"dateModified\":\"2023-10-18T12:36:54+00:00\",\"mainEntityOfPage\":{\"@id\":\"https:\/\/bellvr.net\/tratamientos-para-el-pelo-deshidratado-dale-vida-a-tu-melena\/\"},\"wordCount\":1693,\"commentCount\":0,\"publisher\":{\"@id\":\"https:\/\/bellvr.net\/#organization\"},\"image\":{\"@id\":\"https:\/\/bellvr.net\/tratamientos-para-el-pelo-deshidratado-dale-vida-a-tu-melena\/#primaryimage\"},\"thumbnailUrl\":\"https:\/\/i0.wp.com\/bellvr.net\/wp-content\/uploads\/2023\/10\/pelo-deshidratado-jpg.webp?fit=696%2C464&ssl=1\",\"articleSection\":[\"Tratamientos\"],\"inLanguage\":\"ca\",\"potentialAction\":[{\"@type\":\"CommentAction\",\"name\":\"Comment\",\"target\":[\"https:\/\/bellvr.net\/tratamientos-para-el-pelo-deshidratado-dale-vida-a-tu-melena\/#respond\"]}]},{\"@type\":\"WebPage\",\"@id\":\"https:\/\/bellvr.net\/tratamientos-para-el-pelo-deshidratado-dale-vida-a-tu-melena\/\",\"url\":\"https:\/\/bellvr.net\/tratamientos-para-el-pelo-deshidratado-dale-vida-a-tu-melena\/\",\"name\":\"Tratamientos para el pelo deshidratado: \u00a1Dale vida a tu melena! - Bell VR | Sal&oacute;n de belleza en Barcelona, tratamientos capilares y faciales, est&eacute;tica, coloraci&oacute;n y extensiones\",\"isPartOf\":{\"@id\":\"https:\/\/bellvr.net\/#website\"},\"primaryImageOfPage\":{\"@id\":\"https:\/\/bellvr.net\/tratamientos-para-el-pelo-deshidratado-dale-vida-a-tu-melena\/#primaryimage\"},\"image\":{\"@id\":\"https:\/\/bellvr.net\/tratamientos-para-el-pelo-deshidratado-dale-vida-a-tu-melena\/#primaryimage\"},\"thumbnailUrl\":\"https:\/\/i0.wp.com\/bellvr.net\/wp-content\/uploads\/2023\/10\/pelo-deshidratado-jpg.webp?fit=696%2C464&ssl=1\",\"datePublished\":\"2023-10-11T17:42:56+00:00\",\"dateModified\":\"2023-10-18T12:36:54+00:00\",\"description\":\"Te revelaremos los tratamientos m\u00e1s efectivos para revitalizar tu melena, descubre c\u00f3mo recuperar la salud y deshacerte del pelo deshidratado\",\"breadcrumb\":{\"@id\":\"https:\/\/bellvr.net\/tratamientos-para-el-pelo-deshidratado-dale-vida-a-tu-melena\/#breadcrumb\"},\"inLanguage\":\"ca\",\"potentialAction\":[{\"@type\":\"ReadAction\",\"target\":[\"https:\/\/bellvr.net\/tratamientos-para-el-pelo-deshidratado-dale-vida-a-tu-melena\/\"]}]},{\"@type\":\"ImageObject\",\"inLanguage\":\"ca\",\"@id\":\"https:\/\/bellvr.net\/tratamientos-para-el-pelo-deshidratado-dale-vida-a-tu-melena\/#primaryimage\",\"url\":\"https:\/\/i0.wp.com\/bellvr.net\/wp-content\/uploads\/2023\/10\/pelo-deshidratado-jpg.webp?fit=696%2C464&ssl=1\",\"contentUrl\":\"https:\/\/i0.wp.com\/bellvr.net\/wp-content\/uploads\/2023\/10\/pelo-deshidratado-jpg.webp?fit=696%2C464&ssl=1\",\"width\":696,\"height\":464},{\"@type\":\"BreadcrumbList\",\"@id\":\"https:\/\/bellvr.net\/tratamientos-para-el-pelo-deshidratado-dale-vida-a-tu-melena\/#breadcrumb\",\"itemListElement\":[{\"@type\":\"ListItem\",\"position\":1,\"name\":\"Portada\",\"item\":\"https:\/\/bellvr.net\/\"},{\"@type\":\"ListItem\",\"position\":2,\"name\":\"Tratamientos para el pelo deshidratado: \u00a1Dale vida a tu melena!\"}]},{\"@type\":\"WebSite\",\"@id\":\"https:\/\/bellvr.net\/#website\",\"url\":\"https:\/\/bellvr.net\/\",\"name\":\"Bell VR | Sal&oacute;n de belleza en Barcelona, tratamientos capilares y faciales, est&eacute;tica, coloraci&oacute;n y extensiones\",\"description\":\"\",\"publisher\":{\"@id\":\"https:\/\/bellvr.net\/#organization\"},\"potentialAction\":[{\"@type\":\"SearchAction\",\"target\":{\"@type\":\"EntryPoint\",\"urlTemplate\":\"https:\/\/bellvr.net\/?s={search_term_string}\"},\"query-input\":{\"@type\":\"PropertyValueSpecification\",\"valueRequired\":true,\"valueName\":\"search_term_string\"}}],\"inLanguage\":\"ca\"},{\"@type\":\"Organization\",\"@id\":\"https:\/\/bellvr.net\/#organization\",\"name\":\"Bell VR | Sal&oacute;n de belleza en Barcelona, tratamientos capilares y faciales, est&eacute;tica, coloraci&oacute;n y extensiones\",\"url\":\"https:\/\/bellvr.net\/\",\"logo\":{\"@type\":\"ImageObject\",\"inLanguage\":\"ca\",\"@id\":\"https:\/\/bellvr.net\/#\/schema\/logo\/image\/\",\"url\":\"https:\/\/bellvr.net\/wp-content\/uploads\/2023\/07\/2.jpg\",\"contentUrl\":\"https:\/\/bellvr.net\/wp-content\/uploads\/2023\/07\/2.jpg\",\"width\":696,\"height\":464,\"caption\":\"Bell VR | Sal&oacute;n de belleza en Barcelona, tratamientos capilares y faciales, est&eacute;tica, coloraci&oacute;n y extensiones\"},\"image\":{\"@id\":\"https:\/\/bellvr.net\/#\/schema\/logo\/image\/\"},\"sameAs\":[\"https:\/\/www.instagram.com\/bell.victoriaramos\/?hl=es\"]},{\"@type\":\"Person\",\"@id\":\"https:\/\/bellvr.net\/#\/schema\/person\/8782b4208bd30fb589ed1f709cb0da96\",\"name\":\"Bell VR\",\"image\":{\"@type\":\"ImageObject\",\"inLanguage\":\"ca\",\"@id\":\"https:\/\/secure.gravatar.com\/avatar\/fcdc65fc9be360e8768fa64d987fa23e2bfb6503015d60a26beeac6f339ee628?s=96&d=mm&r=g\",\"url\":\"https:\/\/secure.gravatar.com\/avatar\/fcdc65fc9be360e8768fa64d987fa23e2bfb6503015d60a26beeac6f339ee628?s=96&d=mm&r=g\",\"contentUrl\":\"https:\/\/secure.gravatar.com\/avatar\/fcdc65fc9be360e8768fa64d987fa23e2bfb6503015d60a26beeac6f339ee628?s=96&d=mm&r=g\",\"caption\":\"Bell VR\"},\"url\":\"https:\/\/bellvr.net\/ca\/author\/bell-vr\/\"}]}<\/script>\n<!-- \/ Yoast SEO plugin. -->","yoast_head_json":{"title":"Tratamientos para el pelo deshidratado: \u00a1Dale vida a tu melena! - Bell VR | Sal&oacute;n de belleza en Barcelona, tratamientos capilares y faciales, est&eacute;tica, coloraci&oacute;n y extensiones","description":"Te revelaremos los tratamientos m\u00e1s efectivos para revitalizar tu melena, descubre c\u00f3mo recuperar la salud y deshacerte del pelo deshidratado","robots":{"index":"index","follow":"follow","max-snippet":"max-snippet:-1","max-image-preview":"max-image-preview:large","max-video-preview":"max-video-preview:-1"},"canonical":"https:\/\/bellvr.net\/ca\/tratamientos-para-el-pelo-deshidratado-dale-vida-a-tu-melena\/","og_locale":"ca_ES","og_type":"article","og_title":"Tratamientos para el pelo deshidratado: \u00a1Dale vida a tu melena! - Bell VR | Sal&oacute;n de belleza en Barcelona, tratamientos capilares y faciales, est&eacute;tica, coloraci&oacute;n y extensiones","og_description":"Te revelaremos los tratamientos m\u00e1s efectivos para revitalizar tu melena, descubre c\u00f3mo recuperar la salud y deshacerte del pelo deshidratado","og_url":"https:\/\/bellvr.net\/ca\/tratamientos-para-el-pelo-deshidratado-dale-vida-a-tu-melena\/","og_site_name":"Bell VR | Sal&oacute;n de belleza en Barcelona, tratamientos capilares y faciales, est&eacute;tica, coloraci&oacute;n y extensiones","article_published_time":"2023-10-11T17:42:56+00:00","article_modified_time":"2023-10-18T12:36:54+00:00","og_image":[{"width":696,"height":464,"url":"https:\/\/bellvr.net\/wp-content\/uploads\/2023\/10\/pelo-deshidratado-jpg.webp","type":"image\/jpeg"}],"author":"Bell VR","twitter_card":"summary_large_image","twitter_misc":{"Escrit per":"Bell VR","Temps estimat de lectura":"8 minuts"},"schema":{"@context":"https:\/\/schema.org","@graph":[{"@type":"Article","@id":"https:\/\/bellvr.net\/tratamientos-para-el-pelo-deshidratado-dale-vida-a-tu-melena\/#article","isPartOf":{"@id":"https:\/\/bellvr.net\/tratamientos-para-el-pelo-deshidratado-dale-vida-a-tu-melena\/"},"author":{"name":"Bell VR","@id":"https:\/\/bellvr.net\/#\/schema\/person\/8782b4208bd30fb589ed1f709cb0da96"},"headline":"Tratamientos para el pelo deshidratado: \u00a1Dale vida a tu melena!","datePublished":"2023-10-11T17:42:56+00:00","dateModified":"2023-10-18T12:36:54+00:00","mainEntityOfPage":{"@id":"https:\/\/bellvr.net\/tratamientos-para-el-pelo-deshidratado-dale-vida-a-tu-melena\/"},"wordCount":1693,"commentCount":0,"publisher":{"@id":"https:\/\/bellvr.net\/#organization"},"image":{"@id":"https:\/\/bellvr.net\/tratamientos-para-el-pelo-deshidratado-dale-vida-a-tu-melena\/#primaryimage"},"thumbnailUrl":"https:\/\/i0.wp.com\/bellvr.net\/wp-content\/uploads\/2023\/10\/pelo-deshidratado-jpg.webp?fit=696%2C464&ssl=1","articleSection":["Tratamientos"],"inLanguage":"ca","potentialAction":[{"@type":"CommentAction","name":"Comment","target":["https:\/\/bellvr.net\/tratamientos-para-el-pelo-deshidratado-dale-vida-a-tu-melena\/#respond"]}]},{"@type":"WebPage","@id":"https:\/\/bellvr.net\/tratamientos-para-el-pelo-deshidratado-dale-vida-a-tu-melena\/","url":"https:\/\/bellvr.net\/tratamientos-para-el-pelo-deshidratado-dale-vida-a-tu-melena\/","name":"Tratamientos para el pelo deshidratado: \u00a1Dale vida a tu melena! - Bell VR | Sal&oacute;n de belleza en Barcelona, tratamientos capilares y faciales, est&eacute;tica, coloraci&oacute;n y extensiones","isPartOf":{"@id":"https:\/\/bellvr.net\/#website"},"primaryImageOfPage":{"@id":"https:\/\/bellvr.net\/tratamientos-para-el-pelo-deshidratado-dale-vida-a-tu-melena\/#primaryimage"},"image":{"@id":"https:\/\/bellvr.net\/tratamientos-para-el-pelo-deshidratado-dale-vida-a-tu-melena\/#primaryimage"},"thumbnailUrl":"https:\/\/i0.wp.com\/bellvr.net\/wp-content\/uploads\/2023\/10\/pelo-deshidratado-jpg.webp?fit=696%2C464&ssl=1","datePublished":"2023-10-11T17:42:56+00:00","dateModified":"2023-10-18T12:36:54+00:00","description":"Te revelaremos los tratamientos m\u00e1s efectivos para revitalizar tu melena, descubre c\u00f3mo recuperar la salud y deshacerte del pelo deshidratado","breadcrumb":{"@id":"https:\/\/bellvr.net\/tratamientos-para-el-pelo-deshidratado-dale-vida-a-tu-melena\/#breadcrumb"},"inLanguage":"ca","potentialAction":[{"@type":"ReadAction","target":["https:\/\/bellvr.net\/tratamientos-para-el-pelo-deshidratado-dale-vida-a-tu-melena\/"]}]},{"@type":"ImageObject","inLanguage":"ca","@id":"https:\/\/bellvr.net\/tratamientos-para-el-pelo-deshidratado-dale-vida-a-tu-melena\/#primaryimage","url":"https:\/\/i0.wp.com\/bellvr.net\/wp-content\/uploads\/2023\/10\/pelo-deshidratado-jpg.webp?fit=696%2C464&ssl=1","contentUrl":"https:\/\/i0.wp.com\/bellvr.net\/wp-content\/uploads\/2023\/10\/pelo-deshidratado-jpg.webp?fit=696%2C464&ssl=1","width":696,"height":464},{"@type":"BreadcrumbList","@id":"https:\/\/bellvr.net\/tratamientos-para-el-pelo-deshidratado-dale-vida-a-tu-melena\/#breadcrumb","itemListElement":[{"@type":"ListItem","position":1,"name":"Portada","item":"https:\/\/bellvr.net\/"},{"@type":"ListItem","position":2,"name":"Tratamientos para el pelo deshidratado: \u00a1Dale vida a tu melena!"}]},{"@type":"WebSite","@id":"https:\/\/bellvr.net\/#website","url":"https:\/\/bellvr.net\/","name":"Bell VR | Sal&oacute;n de belleza en Barcelona, tratamientos capilares y faciales, est&eacute;tica, coloraci&oacute;n y extensiones","description":"","publisher":{"@id":"https:\/\/bellvr.net\/#organization"},"potentialAction":[{"@type":"SearchAction","target":{"@type":"EntryPoint","urlTemplate":"https:\/\/bellvr.net\/?s={search_term_string}"},"query-input":{"@type":"PropertyValueSpecification","valueRequired":true,"valueName":"search_term_string"}}],"inLanguage":"ca"},{"@type":"Organization","@id":"https:\/\/bellvr.net\/#organization","name":"Bell VR | Sal&oacute;n de belleza en Barcelona, tratamientos capilares y faciales, est&eacute;tica, coloraci&oacute;n y extensiones","url":"https:\/\/bellvr.net\/","logo":{"@type":"ImageObject","inLanguage":"ca","@id":"https:\/\/bellvr.net\/#\/schema\/logo\/image\/","url":"https:\/\/bellvr.net\/wp-content\/uploads\/2023\/07\/2.jpg","contentUrl":"https:\/\/bellvr.net\/wp-content\/uploads\/2023\/07\/2.jpg","width":696,"height":464,"caption":"Bell VR | Sal&oacute;n de belleza en Barcelona, tratamientos capilares y faciales, est&eacute;tica, coloraci&oacute;n y extensiones"},"image":{"@id":"https:\/\/bellvr.net\/#\/schema\/logo\/image\/"},"sameAs":["https:\/\/www.instagram.com\/bell.victoriaramos\/?hl=es"]},{"@type":"Person","@id":"https:\/\/bellvr.net\/#\/schema\/person\/8782b4208bd30fb589ed1f709cb0da96","name":"Bell VR","image":{"@type":"ImageObject","inLanguage":"ca","@id":"https:\/\/secure.gravatar.com\/avatar\/fcdc65fc9be360e8768fa64d987fa23e2bfb6503015d60a26beeac6f339ee628?s=96&d=mm&r=g","url":"https:\/\/secure.gravatar.com\/avatar\/fcdc65fc9be360e8768fa64d987fa23e2bfb6503015d60a26beeac6f339ee628?s=96&d=mm&r=g","contentUrl":"https:\/\/secure.gravatar.com\/avatar\/fcdc65fc9be360e8768fa64d987fa23e2bfb6503015d60a26beeac6f339ee628?s=96&d=mm&r=g","caption":"Bell VR"},"url":"https:\/\/bellvr.net\/ca\/author\/bell-vr\/"}]}},"_links":{"self":[{"href":"https:\/\/bellvr.net\/ca\/wp-json\/wp\/v2\/posts\/1534","targetHints":{"allow":["GET"]}}],"collection":[{"href":"https:\/\/bellvr.net\/ca\/wp-json\/wp\/v2\/posts"}],"about":[{"href":"https:\/\/bellvr.net\/ca\/wp-json\/wp\/v2\/types\/post"}],"author":[{"embeddable":true,"href":"https:\/\/bellvr.net\/ca\/wp-json\/wp\/v2\/users\/2"}],"replies":[{"embeddable":true,"href":"https:\/\/bellvr.net\/ca\/wp-json\/wp\/v2\/comments?post=1534"}],"version-history":[{"count":1,"href":"https:\/\/bellvr.net\/ca\/wp-json\/wp\/v2\/posts\/1534\/revisions"}],"predecessor-version":[{"id":1538,"href":"https:\/\/bellvr.net\/ca\/wp-json\/wp\/v2\/posts\/1534\/revisions\/1538"}],"wp:featuredmedia":[{"embeddable":true,"href":"https:\/\/bellvr.net\/ca\/wp-json\/wp\/v2\/media\/1535"}],"wp:attachment":[{"href":"https:\/\/bellvr.net\/ca\/wp-json\/wp\/v2\/media?parent=1534"}],"wp:term":[{"taxonomy":"category","embeddable":true,"href":"https:\/\/bellvr.net\/ca\/wp-json\/wp\/v2\/categories?post=1534"},{"taxonomy":"post_tag","embeddable":true,"href":"https:\/\/bellvr.net\/ca\/wp-json\/wp\/v2\/tags?post=1534"}],"curies":[{"name":"wp","href":"https:\/\/api.w.org\/{rel}","templated":true}]}}