{"id":1567,"date":"2023-11-07T10:51:56","date_gmt":"2023-11-07T10:51:56","guid":{"rendered":"https:\/\/bellvr.net\/?p=1567"},"modified":"2023-11-15T12:53:35","modified_gmt":"2023-11-15T12:53:35","slug":"que-es-el-frizz-y-como-reducirlo","status":"publish","type":"post","link":"https:\/\/bellvr.net\/ca\/que-es-el-frizz-y-como-reducirlo\/","title":{"rendered":"\u00bfQu\u00e9 es el Frizz y c\u00f3mo reducirlo?"},"content":{"rendered":"<p>\u00bfAlguna vez te has preguntado por qu\u00e9, justo cuando quieres que tu cabello luzca perfecto, decide hacerse frizz y actuar por su cuenta? No est\u00e1s sola en esta lucha. A continuaci\u00f3n, vamos a sumergirnos en un viaje que nos llevar\u00e1 a comprender las causas del frizz, y te prometo que para el final de este art\u00edculo, tendr\u00e1s una idea mucho m\u00e1s clara de c\u00f3mo mantener a raya esos cabellos rebeldes.<\/p>\n<h2><strong>\u00bfQu\u00e9 es el Frizz y C\u00f3mo nos Afecta?<\/strong><\/h2>\n<p>El frizz no es m\u00e1s que tu cabello expres\u00e1ndose de una manera un poco&#8230; salvaje. Pero, \u00bfpor qu\u00e9 sucede esto? Para entenderlo, primero vamos a hablar un poco sobre la estructura de tu cabello.<\/p>\n<h3><strong>Entendiendo las Causas del Frizz a Nivel Molecular<\/strong><\/h3>\n<p>A nivel molecular, tu cabello est\u00e1 formado por prote\u00ednas, principalmente queratina, que est\u00e1n encargadas de mantenerlo fuerte y saludable. Estas prote\u00ednas se unen en una estructura que puede verse afectada por la humedad. Cuando hay mucha humedad en el aire, las mol\u00e9culas de agua se infiltran en tu cabello y rompen esos enlaces de prote\u00ednas, haciendo que tu cabello se expanda y, as\u00ed, aparece el frizz. Imagina que es como cuando absorbes agua con una esponja y esta se hincha.<\/p>\n<h3><strong>Por Qu\u00e9 Se Produce el Frizz en el Cabello<\/strong><\/h3>\n<p>Las causas del frizz pueden variar desde la gen\u00e9tica hasta la forma en que cuidas tu cabello. Si tienes rizos o tu cabello es seco, eres m\u00e1s propensa a tener frizz porque tu cabello tiende a absorber m\u00e1s humedad. Adem\u00e1s, cosas como lavar tu cabello demasiado a menudo, usar mucho calor al peinarlo o simplemente el clima pueden influir.<\/p>\n<p><img data-recalc-dims=\"1\" fetchpriority=\"high\" decoding=\"async\" class=\"alignnone  wp-image-1570\" src=\"https:\/\/i0.wp.com\/bellvr.net\/wp-content\/uploads\/2023\/11\/frizz-300x200.webp?resize=551%2C367&#038;ssl=1\" alt=\"\" width=\"551\" height=\"367\" srcset=\"https:\/\/i0.wp.com\/bellvr.net\/wp-content\/uploads\/2023\/11\/frizz-jpg.webp?resize=300%2C200&amp;ssl=1 300w, https:\/\/i0.wp.com\/bellvr.net\/wp-content\/uploads\/2023\/11\/frizz-jpg.webp?resize=18%2C12&amp;ssl=1 18w, https:\/\/i0.wp.com\/bellvr.net\/wp-content\/uploads\/2023\/11\/frizz-jpg.webp?w=696&amp;ssl=1 696w\" sizes=\"(max-width: 551px) 100vw, 551px\" \/><\/p>\n<h2><strong>Consejos para Reducir el Frizz<\/strong><\/h2>\n<p>Reducir el frizz es posible siguiendo algunos consejos simples:<\/p>\n<ul>\n<li><strong>Elige el Momento Adecuado para Lavar tu Cabello<\/strong><\/li>\n<\/ul>\n<p>No solo importa la frecuencia con la que lavas tu cabello, sino tambi\u00e9n el momento en que decides hacerlo. Lavarlo por la noche y no secarlo adecuadamente puede invitarte a despertar con un &#8216;nido de p\u00e1jaros&#8217; en la cabeza. Aseg\u00farate de que tu cabello est\u00e9 completamente seco antes de ir a dormir. Si utilizas un secador, recuerda usarlo con aire fr\u00edo para sellar la cut\u00edcula y reducir el frizz.<\/p>\n<ul>\n<li><strong>Opta por Productos Espec\u00edficos Anti-Frizz<\/strong><\/li>\n<\/ul>\n<p>Cuando busques productos para el cabello, no pases por alto aquellos que est\u00e1n espec\u00edficamente formulados para combatir el frizz. Estos productos contienen ingredientes como siliconas, aceites y prote\u00ednas que ayudan a alisar la cut\u00edcula del cabello y proporcionar una barrera contra la humedad. No olvides leer las etiquetas y elegir aquellos que se alineen mejor con tu tipo de cabello y tus necesidades.<\/p>\n<ul>\n<li><strong>Tecnolog\u00eda al Servicio de tu Cabello<\/strong><\/li>\n<\/ul>\n<p>En esta era tecnol\u00f3gica, incluso los dispositivos de cuidado del cabello han avanzado. Busca secadores y planchas con tecnolog\u00eda i\u00f3nica y de turmalina, ya que emiten iones negativos que neutralizan la carga el\u00e9ctrica del frizz, cerrando la cut\u00edcula y manteniendo la humedad a raya.<\/p>\n<ul>\n<li><strong>Acondicionamiento Profundo Regularmente<\/strong><\/li>\n<\/ul>\n<p>Un cabello bien hidratado es menos propenso al frizz. Incorpora en tu rutina un tratamiento de acondicionamiento profundo al menos una vez a la semana. Esto puede ser en forma de mascarillas capilares, aceites naturales como el de arg\u00e1n o coco, o incluso tratamientos de acondicionamiento sin enjuague que puedes aplicar diariamente.<\/p>\n<ul>\n<li><strong>Peinado y Manejo Adecuado del Cabello<\/strong><\/li>\n<\/ul>\n<p>El modo en que manejas tu cabello despu\u00e9s del lavado tambi\u00e9n es crucial. Evita frotar tu cabello con la toalla; en su lugar, presiona suavemente para sacar el exceso de agua. Adem\u00e1s, invertir en una toalla de microfibra o una camiseta de algod\u00f3n puede hacer una diferencia notable, ya que estos materiales causan menos fricci\u00f3n y por lo tanto, menos frizz.<\/p>\n<ul>\n<li><strong>Evita el Exceso de Qu\u00edmicos y Tratamientos<\/strong><\/li>\n<\/ul>\n<p>Los tratamientos qu\u00edmicos, como alisados, tintes y decoloraciones, pueden da\u00f1ar tu cabello y aumentar la posibilidad de frizz. Si optas por estos tratamientos, aseg\u00farate de darle a tu cabello un cuidado extra y espaciarlos lo suficiente para evitar el da\u00f1o acumulativo.<\/p>\n<ul>\n<li><strong>Trucos R\u00e1pidos para Emergencias de Frizz<\/strong><\/li>\n<\/ul>\n<p>Para esos momentos en los que necesitas una soluci\u00f3n r\u00e1pida, tener a mano un producto anti-frizz como un serum o spray puede ser un salvavidas. Aplica un poco en tus manos y suavemente alisa las mechas rebeldes para un arreglo instant\u00e1neo.<\/p>\n<p>Siguiendo estos consejos y siendo consciente de c\u00f3mo tratas tu cabello cada d\u00eda, podr\u00e1s decir adi\u00f3s al frizz indeseado y darle la bienvenida a un cabello m\u00e1s suave, brillante y manejable.<\/p>\n<p>&nbsp;<\/p>\n<h2><strong>Tratamientos para Reducir el Frizz y Contraindicaciones<\/strong><\/h2>\n<p>Cuando hablamos de tratamientos para reducir el frizz, nos referimos a una gama de soluciones que pueden variar desde aplicaciones en casa hasta procedimientos profesionales en el sal\u00f3n. Aqu\u00ed te presento algunas opciones efectivas:<\/p>\n<ul>\n<li><strong>Tratamientos de Queratina:<\/strong> Son populares por su capacidad para alisar el cabello y reducir significativamente el frizz. La queratina, una prote\u00edna natural del cabello, se aplica para rellenar los poros y reparar el da\u00f1o. Sin embargo, algunos de estos tratamientos pueden contener formaldeh\u00eddo o sustancias similares, que pueden ser nocivas si se inhalan o se utilizan incorrectamente. Adem\u00e1s, no se recomiendan para mujeres embarazadas o en periodo de lactancia.<\/li>\n<li><strong>Tratamientos a Base de Aceites:<\/strong> Aceites como el arg\u00e1n, coco y oliva proporcionan hidrataci\u00f3n intensa, que es esencial para combatir el frizz. Aunque estos tratamientos son generalmente seguros, las personas con cabello fino o cuero cabelludo graso deben usarlos con moderaci\u00f3n para evitar que el cabello se vea pesado y sin vida.<\/li>\n<li><strong>Acondicionamiento Profundo:<\/strong> Mascarillas de acondicionamiento profundo y acondicionadores sin aclarado pueden ser muy \u00fatiles. Deben elegirse seg\u00fan el tipo de cabello y es importante seguir las instrucciones para evitar que el cabello se sature y se vuelva lacio.<\/li>\n<li><strong>Tratamientos de Prote\u00ednas:<\/strong> Estos tratamientos refuerzan el cabello con prote\u00ednas adicionales para ayudar a suavizar la cut\u00edcula y evitar que el frizz se forme. Sin embargo, el uso excesivo puede hacer que el cabello se vuelva quebradizo, as\u00ed que deben usarse con moderaci\u00f3n.<\/li>\n<\/ul>\n<p>&nbsp;<\/p>\n<h3><strong>Contraindicaciones a Considerar<\/strong><\/h3>\n<p>No todos los tratamientos son para todos. Aqu\u00ed algunas contraindicaciones comunes:<\/p>\n<ul>\n<li><strong>Alergias:<\/strong> Siempre se debe realizar una prueba de parche antes de probar un nuevo tratamiento, para asegurarse de que no hay reacciones al\u00e9rgicas.<\/li>\n<li><strong>Embarazo y Lactancia:<\/strong> Ciertos qu\u00edmicos presentes en los tratamientos para el frizz pueden no ser seguros durante el embarazo o la lactancia. Es esencial consultar con un m\u00e9dico antes de proceder.<\/li>\n<li><strong>Cabello Da\u00f1ado:<\/strong> Algunos tratamientos pueden ser demasiado fuertes para cabellos previamente da\u00f1ados o procesados qu\u00edmicamente, lo que podr\u00eda empeorar el estado del cabello.<\/li>\n<li><strong>Cuero Cabelludo Sensible:<\/strong> Si tienes un cuero cabelludo sensible, algunos tratamientos podr\u00edan irritarlo. En este caso, es mejor optar por soluciones m\u00e1s suaves y naturales.<\/li>\n<\/ul>\n<p>En Bell Vr, nuestra Peluquer\u00eda en Paseo San Juan, entendemos que cada cliente es \u00fanico. Por eso, ofrecemos una consulta personalizada para determinar el mejor tratamiento para tu tipo de cabello, teniendo en cuenta tus preocupaciones y cualquier contraindicaci\u00f3n potencial. Adem\u00e1s, nos aseguramos de que est\u00e9s completamente informada sobre los beneficios y riesgos de cada tratamiento.<\/p>\n<p>Con los cuidados adecuados y el tratamiento correcto, es posible tener un cabello libre de frizz y lleno de vida.<\/p>\n<p><img data-recalc-dims=\"1\" decoding=\"async\" class=\"alignnone  wp-image-1568\" src=\"https:\/\/i0.wp.com\/bellvr.net\/wp-content\/uploads\/2023\/11\/2-300x200.webp?resize=533%2C355&#038;ssl=1\" alt=\"\" width=\"533\" height=\"355\" srcset=\"https:\/\/i0.wp.com\/bellvr.net\/wp-content\/uploads\/2023\/11\/2-jpg.webp?resize=300%2C200&amp;ssl=1 300w, https:\/\/i0.wp.com\/bellvr.net\/wp-content\/uploads\/2023\/11\/2-jpg.webp?resize=18%2C12&amp;ssl=1 18w, https:\/\/i0.wp.com\/bellvr.net\/wp-content\/uploads\/2023\/11\/2-jpg.webp?w=696&amp;ssl=1 696w\" sizes=\"(max-width: 533px) 100vw, 533px\" \/><\/p>\n<h2><strong>Conclusiones y Reflexiones<\/strong><\/h2>\n<p>Ahora que conoces m\u00e1s sobre las causas del frizz, \u00bfest\u00e1s lista para tomar el control? Recuerda que en Bell Vr estamos listos para ayudarte en cada paso del camino hacia un cabello sin frizz.<\/p>\n<p>A lo largo de este art\u00edculo, hemos descubierto que el frizz no es un misterio incomprensible, sino m\u00e1s bien un desaf\u00edo que podemos superar con el conocimiento y los cuidados correctos. Desde entender las causas a nivel molecular hasta adoptar pr\u00e1cticas diarias y tratamientos especializados, cada paso es importante para alcanzar esa melena suave y manejable que todos deseamos.<\/p>\n<p>La pr\u00f3xima vez que sientas que tu cabello tiene vida propia y decide frizarse, recuerda que no es un enemigo sino una se\u00f1al de que necesita un poco m\u00e1s de atenci\u00f3n y cuidado. \u00bfEst\u00e1s lista para seguir explorando este mundo y descubrir c\u00f3mo mantener tu cabello en su mejor versi\u00f3n? Sigue leyendo y te revelar\u00e9 m\u00e1s secretos.<\/p>\n<p>&nbsp;<\/p>\n<h3><strong>La Importancia del Clima y el Frizz<\/strong><\/h3>\n<p>Uno de los factores que a menudo pasamos por alto es el impacto del clima en nuestro cabello. No es coincidencia que en d\u00edas lluviosos o muy h\u00famedos, el frizz parece tener una fiesta en nuestra cabeza. Esto se debe a que el cabello es como un bar\u00f3metro natural: reacciona a la humedad del aire. Cuando hay mucha humedad, como mencionamos antes, las mol\u00e9culas de agua hacen que tu cabello se hinche y pierda su forma.<\/p>\n<h3><strong>C\u00f3mo Combatir el Frizz en Diferentes Estaciones<\/strong><\/h3>\n<ul>\n<li>En verano: Usa sombreros o pa\u00f1uelos para proteger tu cabello del sol, que puede secarlo y hacer que sea m\u00e1s susceptible al frizz.<\/li>\n<li>En invierno: El aire fr\u00edo y seco puede extraer la humedad de tu cabello, as\u00ed que aseg\u00farate de usar productos que sellen la humedad y protegerlo del aire fr\u00edo con gorros o bufandas.<\/li>\n<\/ul>\n<h3><strong>C\u00f3mo Elegir los Productos Correctos para Tu Cabello<\/strong><\/h3>\n<p>No todos los productos para el cabello son creados iguales, y lo que funciona para una persona puede no ser lo mejor para ti. Aqu\u00ed hay algunos consejos para elegir los productos adecuados:<\/p>\n<ul>\n<li>Si tienes el cabello fino: Busca productos que no sean demasiado pesados para no aplastar tu cabello.<\/li>\n<li>Si tienes el cabello grueso: Necesitar\u00e1s productos m\u00e1s hidratantes que puedan penetrar en tus mechas m\u00e1s densas.<\/li>\n<li>Si tienes el cabello rizado: Los productos dise\u00f1ados para rizos ayudar\u00e1n a definirlos y controlar el frizz.<\/li>\n<\/ul>\n<h3><strong>Frizz y Coloraci\u00f3n Capilar<\/strong><\/h3>\n<p>Si te gusta te\u00f1ir tu cabello, debes saber que los productos qu\u00edmicos pueden alterar la textura y abrir la cut\u00edcula, haci\u00e9ndolo m\u00e1s propenso al frizz. Usa productos espec\u00edficos para cabello te\u00f1ido y considera tratamientos que ayuden a cerrar la cut\u00edcula y mantener el color vibrante.<\/p>\n<h3><strong>El Papel de la Gen\u00e9tica en el Frizz<\/strong><\/h3>\n<p>No podemos hablar de frizz sin mencionar la gen\u00e9tica. S\u00ed, la textura de tu cabello, que es en parte hereditaria, puede predisponerte al frizz. Pero no te preocupes, con el cuidado adecuado, incluso el cabello gen\u00e9ticamente frizz puede ser manejado.<\/p>\n<p>&nbsp;<\/p>\n<p>En Bell Vr, situada en el coraz\u00f3n de Barcelona, te ofrecemos una experiencia \u00fanica para tratar el frizz con nuestros expertos estilistas y tratamientos de vanguardia. Ven a visitarnos y perm\u00edtenos ser parte de tu viaje hacia un cabello libre de frizz y lleno de belleza.<\/p>","protected":false},"excerpt":{"rendered":"<p>\u00bfAlguna vez te has preguntado por qu\u00e9, justo cuando quieres que tu cabello luzca perfecto, decide hacerse frizz y actuar por su cuenta? No est\u00e1s sola en esta lucha. A continuaci\u00f3n, vamos a sumergirnos en un viaje que nos llevar\u00e1 a comprender las causas del frizz, y te prometo que para el final de este [&hellip;]<\/p>\n","protected":false},"author":2,"featured_media":1569,"comment_status":"open","ping_status":"open","sticky":false,"template":"","format":"standard","meta":{"_acf_changed":false,"footnotes":""},"categories":[28],"tags":[],"class_list":["post-1567","post","type-post","status-publish","format-standard","has-post-thumbnail","hentry","category-cuidado-personal"],"acf":[],"yoast_head":"<!-- This site is optimized with the Yoast SEO plugin v27.2 - https:\/\/yoast.com\/product\/yoast-seo-wordpress\/ -->\n<title>\u00bfQu\u00e9 es el Frizz y c\u00f3mo reducirlo? - Bell VR | Sal&oacute;n de belleza en Barcelona, tratamientos capilares y faciales, est&eacute;tica, coloraci&oacute;n y extensiones<\/title>\n<meta name=\"description\" content=\"Vamos a comprender las causas del frizz, para que tengas una idea mucho m\u00e1s clara de c\u00f3mo mantener a raya esos cabellos rebeldes.\" \/>\n<meta name=\"robots\" content=\"index, follow, max-snippet:-1, max-image-preview:large, max-video-preview:-1\" \/>\n<link rel=\"canonical\" href=\"https:\/\/bellvr.net\/ca\/que-es-el-frizz-y-como-reducirlo\/\" \/>\n<meta property=\"og:locale\" content=\"ca_ES\" \/>\n<meta property=\"og:type\" content=\"article\" \/>\n<meta property=\"og:title\" content=\"\u00bfQu\u00e9 es el Frizz y c\u00f3mo reducirlo? - Bell VR | Sal&oacute;n de belleza en Barcelona, tratamientos capilares y faciales, est&eacute;tica, coloraci&oacute;n y extensiones\" \/>\n<meta property=\"og:description\" content=\"Vamos a comprender las causas del frizz, para que tengas una idea mucho m\u00e1s clara de c\u00f3mo mantener a raya esos cabellos rebeldes.\" \/>\n<meta property=\"og:url\" content=\"https:\/\/bellvr.net\/ca\/que-es-el-frizz-y-como-reducirlo\/\" \/>\n<meta property=\"og:site_name\" content=\"Bell VR | Sal&oacute;n de belleza en Barcelona, tratamientos capilares y faciales, est&eacute;tica, coloraci&oacute;n y extensiones\" \/>\n<meta property=\"article:published_time\" content=\"2023-11-07T10:51:56+00:00\" \/>\n<meta property=\"article:modified_time\" content=\"2023-11-15T12:53:35+00:00\" \/>\n<meta property=\"og:image\" content=\"https:\/\/bellvr.net\/wp-content\/uploads\/2023\/11\/3-jpg.webp\" \/>\n\t<meta property=\"og:image:width\" content=\"696\" \/>\n\t<meta property=\"og:image:height\" content=\"464\" \/>\n\t<meta property=\"og:image:type\" content=\"image\/jpeg\" \/>\n<meta name=\"author\" content=\"Bell VR\" \/>\n<meta name=\"twitter:card\" content=\"summary_large_image\" \/>\n<meta name=\"twitter:label1\" content=\"Escrit per\" \/>\n\t<meta name=\"twitter:data1\" content=\"Bell VR\" \/>\n\t<meta name=\"twitter:label2\" content=\"Temps estimat de lectura\" \/>\n\t<meta name=\"twitter:data2\" content=\"9 minuts\" \/>\n<script type=\"application\/ld+json\" class=\"yoast-schema-graph\">{\"@context\":\"https:\/\/schema.org\",\"@graph\":[{\"@type\":\"Article\",\"@id\":\"https:\/\/bellvr.net\/que-es-el-frizz-y-como-reducirlo\/#article\",\"isPartOf\":{\"@id\":\"https:\/\/bellvr.net\/que-es-el-frizz-y-como-reducirlo\/\"},\"author\":{\"name\":\"Bell VR\",\"@id\":\"https:\/\/bellvr.net\/#\/schema\/person\/8782b4208bd30fb589ed1f709cb0da96\"},\"headline\":\"\u00bfQu\u00e9 es el Frizz y c\u00f3mo reducirlo?\",\"datePublished\":\"2023-11-07T10:51:56+00:00\",\"dateModified\":\"2023-11-15T12:53:35+00:00\",\"mainEntityOfPage\":{\"@id\":\"https:\/\/bellvr.net\/que-es-el-frizz-y-como-reducirlo\/\"},\"wordCount\":1830,\"commentCount\":0,\"publisher\":{\"@id\":\"https:\/\/bellvr.net\/#organization\"},\"image\":{\"@id\":\"https:\/\/bellvr.net\/que-es-el-frizz-y-como-reducirlo\/#primaryimage\"},\"thumbnailUrl\":\"https:\/\/i0.wp.com\/bellvr.net\/wp-content\/uploads\/2023\/11\/3-jpg.webp?fit=696%2C464&ssl=1\",\"articleSection\":[\"Cuidado personal\"],\"inLanguage\":\"ca\",\"potentialAction\":[{\"@type\":\"CommentAction\",\"name\":\"Comment\",\"target\":[\"https:\/\/bellvr.net\/que-es-el-frizz-y-como-reducirlo\/#respond\"]}]},{\"@type\":\"WebPage\",\"@id\":\"https:\/\/bellvr.net\/que-es-el-frizz-y-como-reducirlo\/\",\"url\":\"https:\/\/bellvr.net\/que-es-el-frizz-y-como-reducirlo\/\",\"name\":\"\u00bfQu\u00e9 es el Frizz y c\u00f3mo reducirlo? - Bell VR | Sal&oacute;n de belleza en Barcelona, tratamientos capilares y faciales, est&eacute;tica, coloraci&oacute;n y extensiones\",\"isPartOf\":{\"@id\":\"https:\/\/bellvr.net\/#website\"},\"primaryImageOfPage\":{\"@id\":\"https:\/\/bellvr.net\/que-es-el-frizz-y-como-reducirlo\/#primaryimage\"},\"image\":{\"@id\":\"https:\/\/bellvr.net\/que-es-el-frizz-y-como-reducirlo\/#primaryimage\"},\"thumbnailUrl\":\"https:\/\/i0.wp.com\/bellvr.net\/wp-content\/uploads\/2023\/11\/3-jpg.webp?fit=696%2C464&ssl=1\",\"datePublished\":\"2023-11-07T10:51:56+00:00\",\"dateModified\":\"2023-11-15T12:53:35+00:00\",\"description\":\"Vamos a comprender las causas del frizz, para que tengas una idea mucho m\u00e1s clara de c\u00f3mo mantener a raya esos cabellos rebeldes.\",\"breadcrumb\":{\"@id\":\"https:\/\/bellvr.net\/que-es-el-frizz-y-como-reducirlo\/#breadcrumb\"},\"inLanguage\":\"ca\",\"potentialAction\":[{\"@type\":\"ReadAction\",\"target\":[\"https:\/\/bellvr.net\/que-es-el-frizz-y-como-reducirlo\/\"]}]},{\"@type\":\"ImageObject\",\"inLanguage\":\"ca\",\"@id\":\"https:\/\/bellvr.net\/que-es-el-frizz-y-como-reducirlo\/#primaryimage\",\"url\":\"https:\/\/i0.wp.com\/bellvr.net\/wp-content\/uploads\/2023\/11\/3-jpg.webp?fit=696%2C464&ssl=1\",\"contentUrl\":\"https:\/\/i0.wp.com\/bellvr.net\/wp-content\/uploads\/2023\/11\/3-jpg.webp?fit=696%2C464&ssl=1\",\"width\":696,\"height\":464},{\"@type\":\"BreadcrumbList\",\"@id\":\"https:\/\/bellvr.net\/que-es-el-frizz-y-como-reducirlo\/#breadcrumb\",\"itemListElement\":[{\"@type\":\"ListItem\",\"position\":1,\"name\":\"Portada\",\"item\":\"https:\/\/bellvr.net\/\"},{\"@type\":\"ListItem\",\"position\":2,\"name\":\"\u00bfQu\u00e9 es el Frizz y c\u00f3mo reducirlo?\"}]},{\"@type\":\"WebSite\",\"@id\":\"https:\/\/bellvr.net\/#website\",\"url\":\"https:\/\/bellvr.net\/\",\"name\":\"Bell VR | Sal&oacute;n de belleza en Barcelona, tratamientos capilares y faciales, est&eacute;tica, coloraci&oacute;n y extensiones\",\"description\":\"\",\"publisher\":{\"@id\":\"https:\/\/bellvr.net\/#organization\"},\"potentialAction\":[{\"@type\":\"SearchAction\",\"target\":{\"@type\":\"EntryPoint\",\"urlTemplate\":\"https:\/\/bellvr.net\/?s={search_term_string}\"},\"query-input\":{\"@type\":\"PropertyValueSpecification\",\"valueRequired\":true,\"valueName\":\"search_term_string\"}}],\"inLanguage\":\"ca\"},{\"@type\":\"Organization\",\"@id\":\"https:\/\/bellvr.net\/#organization\",\"name\":\"Bell VR | Sal&oacute;n de belleza en Barcelona, tratamientos capilares y faciales, est&eacute;tica, coloraci&oacute;n y extensiones\",\"url\":\"https:\/\/bellvr.net\/\",\"logo\":{\"@type\":\"ImageObject\",\"inLanguage\":\"ca\",\"@id\":\"https:\/\/bellvr.net\/#\/schema\/logo\/image\/\",\"url\":\"https:\/\/bellvr.net\/wp-content\/uploads\/2023\/07\/2.jpg\",\"contentUrl\":\"https:\/\/bellvr.net\/wp-content\/uploads\/2023\/07\/2.jpg\",\"width\":696,\"height\":464,\"caption\":\"Bell VR | Sal&oacute;n de belleza en Barcelona, tratamientos capilares y faciales, est&eacute;tica, coloraci&oacute;n y extensiones\"},\"image\":{\"@id\":\"https:\/\/bellvr.net\/#\/schema\/logo\/image\/\"},\"sameAs\":[\"https:\/\/www.instagram.com\/bell.victoriaramos\/?hl=es\"]},{\"@type\":\"Person\",\"@id\":\"https:\/\/bellvr.net\/#\/schema\/person\/8782b4208bd30fb589ed1f709cb0da96\",\"name\":\"Bell VR\",\"image\":{\"@type\":\"ImageObject\",\"inLanguage\":\"ca\",\"@id\":\"https:\/\/secure.gravatar.com\/avatar\/fcdc65fc9be360e8768fa64d987fa23e2bfb6503015d60a26beeac6f339ee628?s=96&d=mm&r=g\",\"url\":\"https:\/\/secure.gravatar.com\/avatar\/fcdc65fc9be360e8768fa64d987fa23e2bfb6503015d60a26beeac6f339ee628?s=96&d=mm&r=g\",\"contentUrl\":\"https:\/\/secure.gravatar.com\/avatar\/fcdc65fc9be360e8768fa64d987fa23e2bfb6503015d60a26beeac6f339ee628?s=96&d=mm&r=g\",\"caption\":\"Bell VR\"},\"url\":\"https:\/\/bellvr.net\/ca\/author\/bell-vr\/\"}]}<\/script>\n<!-- \/ Yoast SEO plugin. -->","yoast_head_json":{"title":"\u00bfQu\u00e9 es el Frizz y c\u00f3mo reducirlo? - Bell VR | Sal&oacute;n de belleza en Barcelona, tratamientos capilares y faciales, est&eacute;tica, coloraci&oacute;n y extensiones","description":"Vamos a comprender las causas del frizz, para que tengas una idea mucho m\u00e1s clara de c\u00f3mo mantener a raya esos cabellos rebeldes.","robots":{"index":"index","follow":"follow","max-snippet":"max-snippet:-1","max-image-preview":"max-image-preview:large","max-video-preview":"max-video-preview:-1"},"canonical":"https:\/\/bellvr.net\/ca\/que-es-el-frizz-y-como-reducirlo\/","og_locale":"ca_ES","og_type":"article","og_title":"\u00bfQu\u00e9 es el Frizz y c\u00f3mo reducirlo? - Bell VR | Sal&oacute;n de belleza en Barcelona, tratamientos capilares y faciales, est&eacute;tica, coloraci&oacute;n y extensiones","og_description":"Vamos a comprender las causas del frizz, para que tengas una idea mucho m\u00e1s clara de c\u00f3mo mantener a raya esos cabellos rebeldes.","og_url":"https:\/\/bellvr.net\/ca\/que-es-el-frizz-y-como-reducirlo\/","og_site_name":"Bell VR | Sal&oacute;n de belleza en Barcelona, tratamientos capilares y faciales, est&eacute;tica, coloraci&oacute;n y extensiones","article_published_time":"2023-11-07T10:51:56+00:00","article_modified_time":"2023-11-15T12:53:35+00:00","og_image":[{"width":696,"height":464,"url":"https:\/\/bellvr.net\/wp-content\/uploads\/2023\/11\/3-jpg.webp","type":"image\/jpeg"}],"author":"Bell VR","twitter_card":"summary_large_image","twitter_misc":{"Escrit per":"Bell VR","Temps estimat de lectura":"9 minuts"},"schema":{"@context":"https:\/\/schema.org","@graph":[{"@type":"Article","@id":"https:\/\/bellvr.net\/que-es-el-frizz-y-como-reducirlo\/#article","isPartOf":{"@id":"https:\/\/bellvr.net\/que-es-el-frizz-y-como-reducirlo\/"},"author":{"name":"Bell VR","@id":"https:\/\/bellvr.net\/#\/schema\/person\/8782b4208bd30fb589ed1f709cb0da96"},"headline":"\u00bfQu\u00e9 es el Frizz y c\u00f3mo reducirlo?","datePublished":"2023-11-07T10:51:56+00:00","dateModified":"2023-11-15T12:53:35+00:00","mainEntityOfPage":{"@id":"https:\/\/bellvr.net\/que-es-el-frizz-y-como-reducirlo\/"},"wordCount":1830,"commentCount":0,"publisher":{"@id":"https:\/\/bellvr.net\/#organization"},"image":{"@id":"https:\/\/bellvr.net\/que-es-el-frizz-y-como-reducirlo\/#primaryimage"},"thumbnailUrl":"https:\/\/i0.wp.com\/bellvr.net\/wp-content\/uploads\/2023\/11\/3-jpg.webp?fit=696%2C464&ssl=1","articleSection":["Cuidado personal"],"inLanguage":"ca","potentialAction":[{"@type":"CommentAction","name":"Comment","target":["https:\/\/bellvr.net\/que-es-el-frizz-y-como-reducirlo\/#respond"]}]},{"@type":"WebPage","@id":"https:\/\/bellvr.net\/que-es-el-frizz-y-como-reducirlo\/","url":"https:\/\/bellvr.net\/que-es-el-frizz-y-como-reducirlo\/","name":"\u00bfQu\u00e9 es el Frizz y c\u00f3mo reducirlo? - Bell VR | Sal&oacute;n de belleza en Barcelona, tratamientos capilares y faciales, est&eacute;tica, coloraci&oacute;n y extensiones","isPartOf":{"@id":"https:\/\/bellvr.net\/#website"},"primaryImageOfPage":{"@id":"https:\/\/bellvr.net\/que-es-el-frizz-y-como-reducirlo\/#primaryimage"},"image":{"@id":"https:\/\/bellvr.net\/que-es-el-frizz-y-como-reducirlo\/#primaryimage"},"thumbnailUrl":"https:\/\/i0.wp.com\/bellvr.net\/wp-content\/uploads\/2023\/11\/3-jpg.webp?fit=696%2C464&ssl=1","datePublished":"2023-11-07T10:51:56+00:00","dateModified":"2023-11-15T12:53:35+00:00","description":"Vamos a comprender las causas del frizz, para que tengas una idea mucho m\u00e1s clara de c\u00f3mo mantener a raya esos cabellos rebeldes.","breadcrumb":{"@id":"https:\/\/bellvr.net\/que-es-el-frizz-y-como-reducirlo\/#breadcrumb"},"inLanguage":"ca","potentialAction":[{"@type":"ReadAction","target":["https:\/\/bellvr.net\/que-es-el-frizz-y-como-reducirlo\/"]}]},{"@type":"ImageObject","inLanguage":"ca","@id":"https:\/\/bellvr.net\/que-es-el-frizz-y-como-reducirlo\/#primaryimage","url":"https:\/\/i0.wp.com\/bellvr.net\/wp-content\/uploads\/2023\/11\/3-jpg.webp?fit=696%2C464&ssl=1","contentUrl":"https:\/\/i0.wp.com\/bellvr.net\/wp-content\/uploads\/2023\/11\/3-jpg.webp?fit=696%2C464&ssl=1","width":696,"height":464},{"@type":"BreadcrumbList","@id":"https:\/\/bellvr.net\/que-es-el-frizz-y-como-reducirlo\/#breadcrumb","itemListElement":[{"@type":"ListItem","position":1,"name":"Portada","item":"https:\/\/bellvr.net\/"},{"@type":"ListItem","position":2,"name":"\u00bfQu\u00e9 es el Frizz y c\u00f3mo reducirlo?"}]},{"@type":"WebSite","@id":"https:\/\/bellvr.net\/#website","url":"https:\/\/bellvr.net\/","name":"Bell VR | Sal&oacute;n de belleza en Barcelona, tratamientos capilares y faciales, est&eacute;tica, coloraci&oacute;n y extensiones","description":"","publisher":{"@id":"https:\/\/bellvr.net\/#organization"},"potentialAction":[{"@type":"SearchAction","target":{"@type":"EntryPoint","urlTemplate":"https:\/\/bellvr.net\/?s={search_term_string}"},"query-input":{"@type":"PropertyValueSpecification","valueRequired":true,"valueName":"search_term_string"}}],"inLanguage":"ca"},{"@type":"Organization","@id":"https:\/\/bellvr.net\/#organization","name":"Bell VR | Sal&oacute;n de belleza en Barcelona, tratamientos capilares y faciales, est&eacute;tica, coloraci&oacute;n y extensiones","url":"https:\/\/bellvr.net\/","logo":{"@type":"ImageObject","inLanguage":"ca","@id":"https:\/\/bellvr.net\/#\/schema\/logo\/image\/","url":"https:\/\/bellvr.net\/wp-content\/uploads\/2023\/07\/2.jpg","contentUrl":"https:\/\/bellvr.net\/wp-content\/uploads\/2023\/07\/2.jpg","width":696,"height":464,"caption":"Bell VR | Sal&oacute;n de belleza en Barcelona, tratamientos capilares y faciales, est&eacute;tica, coloraci&oacute;n y extensiones"},"image":{"@id":"https:\/\/bellvr.net\/#\/schema\/logo\/image\/"},"sameAs":["https:\/\/www.instagram.com\/bell.victoriaramos\/?hl=es"]},{"@type":"Person","@id":"https:\/\/bellvr.net\/#\/schema\/person\/8782b4208bd30fb589ed1f709cb0da96","name":"Bell VR","image":{"@type":"ImageObject","inLanguage":"ca","@id":"https:\/\/secure.gravatar.com\/avatar\/fcdc65fc9be360e8768fa64d987fa23e2bfb6503015d60a26beeac6f339ee628?s=96&d=mm&r=g","url":"https:\/\/secure.gravatar.com\/avatar\/fcdc65fc9be360e8768fa64d987fa23e2bfb6503015d60a26beeac6f339ee628?s=96&d=mm&r=g","contentUrl":"https:\/\/secure.gravatar.com\/avatar\/fcdc65fc9be360e8768fa64d987fa23e2bfb6503015d60a26beeac6f339ee628?s=96&d=mm&r=g","caption":"Bell VR"},"url":"https:\/\/bellvr.net\/ca\/author\/bell-vr\/"}]}},"_links":{"self":[{"href":"https:\/\/bellvr.net\/ca\/wp-json\/wp\/v2\/posts\/1567","targetHints":{"allow":["GET"]}}],"collection":[{"href":"https:\/\/bellvr.net\/ca\/wp-json\/wp\/v2\/posts"}],"about":[{"href":"https:\/\/bellvr.net\/ca\/wp-json\/wp\/v2\/types\/post"}],"author":[{"embeddable":true,"href":"https:\/\/bellvr.net\/ca\/wp-json\/wp\/v2\/users\/2"}],"replies":[{"embeddable":true,"href":"https:\/\/bellvr.net\/ca\/wp-json\/wp\/v2\/comments?post=1567"}],"version-history":[{"count":1,"href":"https:\/\/bellvr.net\/ca\/wp-json\/wp\/v2\/posts\/1567\/revisions"}],"predecessor-version":[{"id":1571,"href":"https:\/\/bellvr.net\/ca\/wp-json\/wp\/v2\/posts\/1567\/revisions\/1571"}],"wp:featuredmedia":[{"embeddable":true,"href":"https:\/\/bellvr.net\/ca\/wp-json\/wp\/v2\/media\/1569"}],"wp:attachment":[{"href":"https:\/\/bellvr.net\/ca\/wp-json\/wp\/v2\/media?parent=1567"}],"wp:term":[{"taxonomy":"category","embeddable":true,"href":"https:\/\/bellvr.net\/ca\/wp-json\/wp\/v2\/categories?post=1567"},{"taxonomy":"post_tag","embeddable":true,"href":"https:\/\/bellvr.net\/ca\/wp-json\/wp\/v2\/tags?post=1567"}],"curies":[{"name":"wp","href":"https:\/\/api.w.org\/{rel}","templated":true}]}}