{"id":1609,"date":"2023-12-07T13:31:00","date_gmt":"2023-12-07T13:31:00","guid":{"rendered":"https:\/\/bellvr.net\/?p=1609"},"modified":"2024-04-26T12:23:42","modified_gmt":"2024-04-26T12:23:42","slug":"consejos-para-utilizar-planchas-y-secadores-sin-comprometer-la-salud-del-cabello","status":"publish","type":"post","link":"https:\/\/bellvr.net\/ca\/consejos-para-utilizar-planchas-y-secadores-sin-comprometer-la-salud-del-cabello\/","title":{"rendered":"Consejos para utilizar planchas y secadores sin comprometer la salud del cabello"},"content":{"rendered":"<p>\u00bfAlguna vez te has preguntado si es posible tener un cabello hermoso y estilizado sin da\u00f1arlo? \u00bfTe intriga saber c\u00f3mo las herramientas de calor pueden ser tus aliadas y no tus enemigas? En este art\u00edculo, descubrir\u00e1s los secretos para lograrlo. Sigue leyendo y ver\u00e1s c\u00f3mo transformar tu rutina de belleza.<\/p>\n<p>&nbsp;<\/p>\n<h2><strong>Uso Responsable de las Herramientas de Calor<\/strong><\/h2>\n<h4><strong>\u00bfQu\u00e9 pasa cuando usamos mal estas herramientas?<\/strong><\/h4>\n<p>El uso incorrecto de planchas y secadores puede tener efectos negativos significativos en la salud de tu cabello. Aqu\u00ed te explicamos los riesgos principales:<\/p>\n<ul>\n<li>Da\u00f1o por calor: El calor excesivo debilita la fibra capilar desde su interior, haciendo que tu cabello se vuelva m\u00e1s fr\u00e1gil y susceptible a la rotura. Esto se manifiesta en puntas abiertas y una textura \u00e1spera y seca.<\/li>\n<li>P\u00e9rdida de humedad natural: Las altas temperaturas pueden despojar a tu cabello de sus aceites naturales, que son esenciales para mantenerlo hidratado y brillante. Como resultado, podr\u00edas notar que tu cabello se siente m\u00e1s seco y pierde su brillo natural.<\/li>\n<li>Alteraci\u00f3n de la textura y el color: El abuso de estas herramientas puede cambiar la textura de tu cabello, haci\u00e9ndolo m\u00e1s dif\u00edcil de manejar. Adem\u00e1s, si tienes el cabello te\u00f1ido, el calor excesivo puede alterar el color, haci\u00e9ndolo lucir desvanecido o cambiando su tonalidad.<\/li>\n<li>Cuero cabelludo da\u00f1ado: El calor no solo afecta el cabello, sino tambi\u00e9n el cuero cabelludo. Un uso excesivo de herramientas de calor puede causar sequedad y descamaci\u00f3n en el cuero cabelludo, lo que a su vez puede afectar el crecimiento saludable del cabello.<\/li>\n<li>Incremento del frizz: El uso inadecuado de estas herramientas, especialmente a temperaturas muy altas, puede causar un aumento en el frizz y la electricidad est\u00e1tica en el cabello, lo que lo hace m\u00e1s dif\u00edcil de peinar y mantener en su lugar.<\/li>\n<\/ul>\n<p><img data-recalc-dims=\"1\" fetchpriority=\"high\" decoding=\"async\" class=\"alignnone wp-image-1611\" src=\"https:\/\/i0.wp.com\/bellvr.net\/wp-content\/uploads\/2023\/12\/plancha-y-secador-2-300x200.webp?resize=615%2C410&#038;ssl=1\" alt=\"\" width=\"615\" height=\"410\" srcset=\"https:\/\/i0.wp.com\/bellvr.net\/wp-content\/uploads\/2023\/12\/plancha-y-secador-2-jpg.webp?resize=300%2C200&amp;ssl=1 300w, https:\/\/i0.wp.com\/bellvr.net\/wp-content\/uploads\/2023\/12\/plancha-y-secador-2-jpg.webp?resize=18%2C12&amp;ssl=1 18w, https:\/\/i0.wp.com\/bellvr.net\/wp-content\/uploads\/2023\/12\/plancha-y-secador-2-jpg.webp?w=696&amp;ssl=1 696w\" sizes=\"(max-width: 615px) 100vw, 615px\" \/><\/p>\n<h3><strong>Pasos para un uso seguro<\/strong><\/h3>\n<ul>\n<li>Selecciona la temperatura adecuada: No todas las melenas necesitan el mismo calor. Si tu cabello es fino o da\u00f1ado, usa temperaturas bajas. Para cabello grueso o rizado, puedes aumentarla moderadamente.<\/li>\n<li>Protege tu cabello antes de aplicar calor: Existen protectores t\u00e9rmicos que forman una barrera entre el calor y tu cabello. No olvides aplicarlos antes de usar plancha o secador.<\/li>\n<li>Seca tu cabello correctamente: Antes de usar la plancha, aseg\u00farate de que tu cabello est\u00e9 completamente seco. El cabello mojado y el calor son una combinaci\u00f3n peligrosa.<\/li>\n<\/ul>\n<p>&nbsp;<\/p>\n<h2><strong>\u00bfC\u00f3mo evitar el da\u00f1o del pelo por el secador y la plancha?<\/strong><\/h2>\n<p>Proteger tu cabello del da\u00f1o causado por el secador y la plancha es fundamental para mantener su salud y belleza. Aqu\u00ed te ofrecemos una gu\u00eda detallada para lograrlo:<\/p>\n<ul>\n<li>Utiliza protector t\u00e9rmico: Antes de aplicar calor, es esencial usar un protector t\u00e9rmico. Estos productos crean una barrera entre tu cabello y el calor, minimizando el da\u00f1o. Aplica el protector de manera uniforme, asegur\u00e1ndote de cubrir desde las ra\u00edces hasta las puntas.<\/li>\n<li>Regula la temperatura: No todos los cabellos requieren la misma cantidad de calor. Utiliza la configuraci\u00f3n de baja temperatura para cabello fino o da\u00f1ado y una temperatura m\u00e1s alta solo si tu cabello es grueso o muy rizado. Evita usar la temperatura m\u00e1xima, ya que puede ser excesiva para la mayor\u00eda de los tipos de cabello.<\/li>\n<li>Seca tu cabello al aire siempre que sea posible: Antes de usar la plancha, es mejor que tu cabello est\u00e9 seco. Pero, en lugar de usar siempre el secador, deja que tu cabello se seque al aire cuando puedas. Esto reduce la exposici\u00f3n general al calor.<\/li>\n<li>No pases la plancha sobre el cabello mojado: Nunca uses la plancha sobre cabello h\u00famedo o mojado. Esto no solo es ineficaz, sino que tambi\u00e9n puede causar da\u00f1o severo, vaporizando la humedad dentro del cabello y causando fracturas en la fibra capilar.<\/li>\n<li>Mant\u00e9n el secador en movimiento: Al secar tu cabello, mant\u00e9n el secador en movimiento constante. Esto evita la concentraci\u00f3n de calor en un \u00e1rea, distribuyendo el aire caliente de manera m\u00e1s uniforme y reduciendo el riesgo de da\u00f1o.<\/li>\n<li>Evita el uso diario de herramientas de calor: Limita el uso de planchas y secadores. Intenta organizar tu rutina de peinado de manera que no necesites usar estas herramientas todos los d\u00edas. Considera peinados que no requieran calor o alterna con accesorios que no da\u00f1en tu cabello.<\/li>\n<li>Realiza tratamientos de hidrataci\u00f3n regularmente: Para mantener tu cabello en \u00f3ptimas condiciones, integra tratamientos hidratantes en tu rutina de cuidado capilar. Estos pueden ser mascarillas, aceites naturales o tratamientos profesionales ofrecidos en salones como Bell Vr.<\/li>\n<\/ul>\n<p><img data-recalc-dims=\"1\" decoding=\"async\" class=\"alignnone wp-image-1612\" src=\"https:\/\/i0.wp.com\/bellvr.net\/wp-content\/uploads\/2023\/12\/plancha-y-secador-3-300x200.webp?resize=620%2C413&#038;ssl=1\" alt=\"\" width=\"620\" height=\"413\" srcset=\"https:\/\/i0.wp.com\/bellvr.net\/wp-content\/uploads\/2023\/12\/plancha-y-secador-3-jpg.webp?resize=300%2C200&amp;ssl=1 300w, https:\/\/i0.wp.com\/bellvr.net\/wp-content\/uploads\/2023\/12\/plancha-y-secador-3-jpg.webp?resize=18%2C12&amp;ssl=1 18w, https:\/\/i0.wp.com\/bellvr.net\/wp-content\/uploads\/2023\/12\/plancha-y-secador-3-jpg.webp?w=696&amp;ssl=1 696w\" sizes=\"(max-width: 620px) 100vw, 620px\" \/><\/p>\n<h2>Tecnolog\u00edas Innovadoras en Planchas y secadores<\/h2>\n<p>El uso de tecnolog\u00edas avanzadas en planchas y secadores puede marcar una gran diferencia en la salud de tu cabello. Aqu\u00ed exploramos algunas de las m\u00e1s populares:<\/p>\n<ul>\n<li><strong>Iones Negativos<\/strong>: Estos dispositivos liberan iones negativos que contrarrestan los iones positivos presentes en el cabello seco o da\u00f1ado. Esto ayuda a cerrar la cut\u00edcula del cabello, reduciendo la fricci\u00f3n y minimizando el frizz y la est\u00e1tica, lo que resulta en un cabello m\u00e1s suave y manejable.<\/li>\n<li><strong>Infrarrojo Lejano<\/strong>: Esta tecnolog\u00eda penetra directamente en el n\u00facleo del cabello, calent\u00e1ndolo desde el interior hacia afuera. Esto reduce el riesgo de da\u00f1o externo y mantiene la hidrataci\u00f3n natural del cabello, dej\u00e1ndolo m\u00e1s sano y menos propenso a la rotura.<\/li>\n<li><strong>Placas de Cer\u00e1mica o Turmalina<\/strong>: Las placas de cer\u00e1mica distribuyen el calor de manera uniforme, evitando puntos calientes que pueden sobrecalentar partes del cabello. La turmalina, por otro lado, emite calor infrarrojo y iones negativos, haciendo que el proceso de alisado o secado sea m\u00e1s eficiente y menos da\u00f1ino.<\/li>\n<\/ul>\n<h2>Errores Comunes al Usar Planchas y Secadores<\/h2>\n<p>Evitar estos errores comunes puede ayudar a proteger tu cabello de da\u00f1os innecesarios:<\/p>\n<ol>\n<li><strong>Usar Demasiado Calor<\/strong>: Aplicar m\u00e1s calor del necesario puede quemar el cabello. Ajusta la temperatura de acuerdo al tipo y estado de tu cabello, utilizando configuraciones m\u00e1s bajas para cabello fino o da\u00f1ado.<\/li>\n<li><strong>No Usar Protector T\u00e9rmico<\/strong>: Omitir un protector t\u00e9rmico antes de aplicar calor es un error crucial. Este producto forma una barrera que protege el cabello de los efectos negativos del calor.<\/li>\n<li><strong>Secar el Cabello Completamente con Calor<\/strong>: Empezar a usar la plancha o el secador cuando el cabello est\u00e1 demasiado h\u00famedo puede causar vaporizaci\u00f3n intensa y da\u00f1o. Aseg\u00farate de que tu cabello est\u00e9 al menos un 80% seco antes de proceder.<\/li>\n<li><strong>Repetir Demasiadas Veces en la Misma Secci\u00f3n<\/strong>: Pasar la plancha varias veces por la misma secci\u00f3n puede sobreexponer el cabello al calor. Trata de limitar a una o dos pasadas.<\/li>\n<\/ol>\n<h2>\u00a1Gu\u00eda de compra para facilit\u00e1rtelo!<\/h2>\n<p>Si est\u00e1s considerando comprar tu primera plancha o secador, aqu\u00ed tienes algunos criterios clave a considerar:<\/p>\n<ul>\n<li><strong>Tipo de Placa o Elemento Calefactor<\/strong>: Opta por placas de cer\u00e1mica o turmalina para una distribuci\u00f3n uniforme del calor y menos da\u00f1o. En los secadores, busca aquellos que ofrezcan tecnolog\u00eda de iones negativos o infrarrojo lejano.<\/li>\n<li><strong>Ajustes de Temperatura<\/strong>: Una herramienta con m\u00faltiples ajustes de temperatura te permitir\u00e1 encontrar el nivel de calor adecuado para tu tipo de cabello, evitando as\u00ed el exceso de calor.<\/li>\n<li><strong>Tama\u00f1o y Peso<\/strong>: Considera el tama\u00f1o y el peso del dispositivo, especialmente si tienes mucho cabello o buscas algo c\u00f3modo de usar a largo plazo.<\/li>\n<li><strong>Caracter\u00edsticas Adicionales<\/strong>: Funciones como apagado autom\u00e1tico y cables largos y giratorios pueden mejorar la seguridad y la facilidad de uso.<\/li>\n<\/ul>\n<p>&nbsp;<\/p>\n<h2><strong>Contraindicaciones con herramientas de calor para el cabello<\/strong><\/h2>\n<p>El uso de herramientas de calor como planchas y secadores no es recomendable para todos los tipos de cabello ni en todas las situaciones. Aqu\u00ed te explicamos cu\u00e1ndo debes evitar o limitar su uso:<\/p>\n<p>&nbsp;<\/p>\n<ul>\n<li><strong>Cabello extremadamente da\u00f1ado o debilitado:<\/strong> Si tu cabello est\u00e1 severamente da\u00f1ado, poroso o debilitado debido a tratamientos qu\u00edmicos como decoloraciones, alisados o permanentes, es mejor evitar el uso de herramientas de calor. Estas condiciones hacen que el cabello sea m\u00e1s susceptible al da\u00f1o t\u00e9rmico, lo que puede agravar su estado.<\/li>\n<li><strong>Despu\u00e9s de ciertos tratamientos qu\u00edmicos:<\/strong> Algunos tratamientos capilares, especialmente aquellos que alteran la estructura del cabello (como alisados o permanente), pueden ser incompatibles con el calor elevado. Sigue siempre las recomendaciones de tu estilista sobre cu\u00e1ndo es seguro volver a usar estas herramientas despu\u00e9s de un tratamiento qu\u00edmico.<\/li>\n<li><strong>En caso de cuero cabelludo sensible o condiciones dermatol\u00f3gicas:<\/strong> Si tienes un cuero cabelludo sensible, condiciones como la psoriasis o dermatitis seborreica, el calor excesivo puede irritar a\u00fan m\u00e1s tu cuero cabelludo. En estos casos, es aconsejable reducir el uso de herramientas de calor y optar por m\u00e9todos de secado y peinado m\u00e1s suaves.<\/li>\n<li><strong>Cabello fino y fr\u00e1gil:<\/strong> Si tienes el cabello naturalmente fino o fr\u00e1gil, el uso frecuente de herramientas de calor puede ser especialmente perjudicial. En estos casos, es mejor usar estas herramientas a la temperatura m\u00e1s baja posible y limitar su uso frecuente.<\/li>\n<li><strong>Adolescentes:<\/strong> El cabello de los ni\u00f1os y adolescentes suele ser m\u00e1s fino y delicado. Por tanto, el uso de herramientas de calor debe ser minimizado o realizado bajo supervisi\u00f3n para evitar da\u00f1os.<\/li>\n<\/ul>\n<p>&nbsp;<\/p>\n<p>En Bell Vr, entendemos la importancia de cuidar tu cabello y ofrecemos alternativas para estilizarlo sin comprometer su salud. Nuestro equipo de expertos puede aconsejarte sobre las mejores pr\u00e1cticas y tratamientos para mantener tu cabello en \u00f3ptimas condiciones, respetando sus caracter\u00edsticas \u00fanicas y necesidades.<\/p>\n<p>&nbsp;<\/p>\n<p>Recuerda, el uso de planchas y secadores no tiene por qu\u00e9 ser da\u00f1ino si se hace de manera correcta y consciente. Protege tu cabello, elige la t\u00e9cnica adecuada y nunca sacrifiques su salud por estilo. \u00bfQuieres m\u00e1s consejos personalizados? Vis\u00edtanos en Bell Vr para una experiencia \u00fanica en coloraci\u00f3n de pelo y tratamientos capilares en Barcelona, incluyendo la talasoterapia, una maravilla para tu cabello y tu bienestar.<\/p>","protected":false},"excerpt":{"rendered":"<p>\u00bfAlguna vez te has preguntado si es posible tener un cabello hermoso y estilizado sin da\u00f1arlo? \u00bfTe intriga saber c\u00f3mo las herramientas de calor pueden ser tus aliadas y no tus enemigas? En este art\u00edculo, descubrir\u00e1s los secretos para lograrlo. Sigue leyendo y ver\u00e1s c\u00f3mo transformar tu rutina de belleza. &nbsp; Uso Responsable de las [&hellip;]<\/p>\n","protected":false},"author":1,"featured_media":1610,"comment_status":"open","ping_status":"open","sticky":false,"template":"","format":"standard","meta":{"_acf_changed":false,"footnotes":""},"categories":[28],"tags":[],"class_list":["post-1609","post","type-post","status-publish","format-standard","has-post-thumbnail","hentry","category-cuidado-personal"],"acf":[],"yoast_head":"<!-- This site is optimized with the Yoast SEO plugin v27.2 - https:\/\/yoast.com\/product\/yoast-seo-wordpress\/ -->\n<title>Uso de las Herramientas de Calor de Cabello- Marandbels<\/title>\n<meta name=\"description\" content=\"\u00bfTe has preguntado si es posible tener un cabello estilizado sin da\u00f1arlo? Aprende como las herramientas de calor pueden ser tus aliadas.\" \/>\n<meta name=\"robots\" content=\"index, follow, max-snippet:-1, max-image-preview:large, max-video-preview:-1\" \/>\n<link rel=\"canonical\" href=\"https:\/\/bellvr.net\/ca\/consejos-para-utilizar-planchas-y-secadores-sin-comprometer-la-salud-del-cabello\/\" \/>\n<meta property=\"og:locale\" content=\"ca_ES\" \/>\n<meta property=\"og:type\" content=\"article\" \/>\n<meta property=\"og:title\" content=\"Uso de las Herramientas de Calor de Cabello- Marandbels\" \/>\n<meta property=\"og:description\" content=\"\u00bfTe has preguntado si es posible tener un cabello estilizado sin da\u00f1arlo? Aprende como las herramientas de calor pueden ser tus aliadas.\" \/>\n<meta property=\"og:url\" content=\"https:\/\/bellvr.net\/ca\/consejos-para-utilizar-planchas-y-secadores-sin-comprometer-la-salud-del-cabello\/\" \/>\n<meta property=\"og:site_name\" content=\"Bell VR | Sal&oacute;n de belleza en Barcelona, tratamientos capilares y faciales, est&eacute;tica, coloraci&oacute;n y extensiones\" \/>\n<meta property=\"article:published_time\" content=\"2023-12-07T13:31:00+00:00\" \/>\n<meta property=\"article:modified_time\" content=\"2024-04-26T12:23:42+00:00\" \/>\n<meta property=\"og:image\" content=\"https:\/\/bellvr.net\/wp-content\/uploads\/2023\/12\/plancha-y-secador-1-jpg.webp\" \/>\n\t<meta property=\"og:image:width\" content=\"696\" \/>\n\t<meta property=\"og:image:height\" content=\"464\" \/>\n\t<meta property=\"og:image:type\" content=\"image\/jpeg\" \/>\n<meta name=\"author\" content=\"GonzaloG\" \/>\n<meta name=\"twitter:card\" content=\"summary_large_image\" \/>\n<meta name=\"twitter:label1\" content=\"Escrit per\" \/>\n\t<meta name=\"twitter:data1\" content=\"GonzaloG\" \/>\n\t<meta name=\"twitter:label2\" content=\"Temps estimat de lectura\" \/>\n\t<meta name=\"twitter:data2\" content=\"8 minuts\" \/>\n<script type=\"application\/ld+json\" class=\"yoast-schema-graph\">{\"@context\":\"https:\/\/schema.org\",\"@graph\":[{\"@type\":\"Article\",\"@id\":\"https:\/\/bellvr.net\/consejos-para-utilizar-planchas-y-secadores-sin-comprometer-la-salud-del-cabello\/#article\",\"isPartOf\":{\"@id\":\"https:\/\/bellvr.net\/consejos-para-utilizar-planchas-y-secadores-sin-comprometer-la-salud-del-cabello\/\"},\"author\":{\"name\":\"GonzaloG\",\"@id\":\"https:\/\/bellvr.net\/#\/schema\/person\/15f5db756f91536f299100b3c793131d\"},\"headline\":\"Consejos para utilizar planchas y secadores sin comprometer la salud del cabello\",\"datePublished\":\"2023-12-07T13:31:00+00:00\",\"dateModified\":\"2024-04-26T12:23:42+00:00\",\"mainEntityOfPage\":{\"@id\":\"https:\/\/bellvr.net\/consejos-para-utilizar-planchas-y-secadores-sin-comprometer-la-salud-del-cabello\/\"},\"wordCount\":1712,\"commentCount\":0,\"publisher\":{\"@id\":\"https:\/\/bellvr.net\/#organization\"},\"image\":{\"@id\":\"https:\/\/bellvr.net\/consejos-para-utilizar-planchas-y-secadores-sin-comprometer-la-salud-del-cabello\/#primaryimage\"},\"thumbnailUrl\":\"https:\/\/i0.wp.com\/bellvr.net\/wp-content\/uploads\/2023\/12\/plancha-y-secador-1-jpg.webp?fit=696%2C464&ssl=1\",\"articleSection\":[\"Cuidado personal\"],\"inLanguage\":\"ca\",\"potentialAction\":[{\"@type\":\"CommentAction\",\"name\":\"Comment\",\"target\":[\"https:\/\/bellvr.net\/consejos-para-utilizar-planchas-y-secadores-sin-comprometer-la-salud-del-cabello\/#respond\"]}]},{\"@type\":\"WebPage\",\"@id\":\"https:\/\/bellvr.net\/consejos-para-utilizar-planchas-y-secadores-sin-comprometer-la-salud-del-cabello\/\",\"url\":\"https:\/\/bellvr.net\/consejos-para-utilizar-planchas-y-secadores-sin-comprometer-la-salud-del-cabello\/\",\"name\":\"Uso de las Herramientas de Calor de Cabello- Marandbels\",\"isPartOf\":{\"@id\":\"https:\/\/bellvr.net\/#website\"},\"primaryImageOfPage\":{\"@id\":\"https:\/\/bellvr.net\/consejos-para-utilizar-planchas-y-secadores-sin-comprometer-la-salud-del-cabello\/#primaryimage\"},\"image\":{\"@id\":\"https:\/\/bellvr.net\/consejos-para-utilizar-planchas-y-secadores-sin-comprometer-la-salud-del-cabello\/#primaryimage\"},\"thumbnailUrl\":\"https:\/\/i0.wp.com\/bellvr.net\/wp-content\/uploads\/2023\/12\/plancha-y-secador-1-jpg.webp?fit=696%2C464&ssl=1\",\"datePublished\":\"2023-12-07T13:31:00+00:00\",\"dateModified\":\"2024-04-26T12:23:42+00:00\",\"description\":\"\u00bfTe has preguntado si es posible tener un cabello estilizado sin da\u00f1arlo? Aprende como las herramientas de calor pueden ser tus aliadas.\",\"breadcrumb\":{\"@id\":\"https:\/\/bellvr.net\/consejos-para-utilizar-planchas-y-secadores-sin-comprometer-la-salud-del-cabello\/#breadcrumb\"},\"inLanguage\":\"ca\",\"potentialAction\":[{\"@type\":\"ReadAction\",\"target\":[\"https:\/\/bellvr.net\/consejos-para-utilizar-planchas-y-secadores-sin-comprometer-la-salud-del-cabello\/\"]}]},{\"@type\":\"ImageObject\",\"inLanguage\":\"ca\",\"@id\":\"https:\/\/bellvr.net\/consejos-para-utilizar-planchas-y-secadores-sin-comprometer-la-salud-del-cabello\/#primaryimage\",\"url\":\"https:\/\/i0.wp.com\/bellvr.net\/wp-content\/uploads\/2023\/12\/plancha-y-secador-1-jpg.webp?fit=696%2C464&ssl=1\",\"contentUrl\":\"https:\/\/i0.wp.com\/bellvr.net\/wp-content\/uploads\/2023\/12\/plancha-y-secador-1-jpg.webp?fit=696%2C464&ssl=1\",\"width\":696,\"height\":464},{\"@type\":\"BreadcrumbList\",\"@id\":\"https:\/\/bellvr.net\/consejos-para-utilizar-planchas-y-secadores-sin-comprometer-la-salud-del-cabello\/#breadcrumb\",\"itemListElement\":[{\"@type\":\"ListItem\",\"position\":1,\"name\":\"Portada\",\"item\":\"https:\/\/bellvr.net\/\"},{\"@type\":\"ListItem\",\"position\":2,\"name\":\"Consejos para utilizar planchas y secadores sin comprometer la salud del cabello\"}]},{\"@type\":\"WebSite\",\"@id\":\"https:\/\/bellvr.net\/#website\",\"url\":\"https:\/\/bellvr.net\/\",\"name\":\"Bell VR | Sal&oacute;n de belleza en Barcelona, tratamientos capilares y faciales, est&eacute;tica, coloraci&oacute;n y extensiones\",\"description\":\"\",\"publisher\":{\"@id\":\"https:\/\/bellvr.net\/#organization\"},\"potentialAction\":[{\"@type\":\"SearchAction\",\"target\":{\"@type\":\"EntryPoint\",\"urlTemplate\":\"https:\/\/bellvr.net\/?s={search_term_string}\"},\"query-input\":{\"@type\":\"PropertyValueSpecification\",\"valueRequired\":true,\"valueName\":\"search_term_string\"}}],\"inLanguage\":\"ca\"},{\"@type\":\"Organization\",\"@id\":\"https:\/\/bellvr.net\/#organization\",\"name\":\"Bell VR | Sal&oacute;n de belleza en Barcelona, tratamientos capilares y faciales, est&eacute;tica, coloraci&oacute;n y extensiones\",\"url\":\"https:\/\/bellvr.net\/\",\"logo\":{\"@type\":\"ImageObject\",\"inLanguage\":\"ca\",\"@id\":\"https:\/\/bellvr.net\/#\/schema\/logo\/image\/\",\"url\":\"https:\/\/bellvr.net\/wp-content\/uploads\/2023\/07\/2.jpg\",\"contentUrl\":\"https:\/\/bellvr.net\/wp-content\/uploads\/2023\/07\/2.jpg\",\"width\":696,\"height\":464,\"caption\":\"Bell VR | Sal&oacute;n de belleza en Barcelona, tratamientos capilares y faciales, est&eacute;tica, coloraci&oacute;n y extensiones\"},\"image\":{\"@id\":\"https:\/\/bellvr.net\/#\/schema\/logo\/image\/\"},\"sameAs\":[\"https:\/\/www.instagram.com\/bell.victoriaramos\/?hl=es\"]},{\"@type\":\"Person\",\"@id\":\"https:\/\/bellvr.net\/#\/schema\/person\/15f5db756f91536f299100b3c793131d\",\"name\":\"GonzaloG\",\"image\":{\"@type\":\"ImageObject\",\"inLanguage\":\"ca\",\"@id\":\"https:\/\/secure.gravatar.com\/avatar\/37ef52f555f1fd2c0676fc8ea1a3981d0b4c28a6b40472b79e1760b64dad1537?s=96&d=mm&r=g\",\"url\":\"https:\/\/secure.gravatar.com\/avatar\/37ef52f555f1fd2c0676fc8ea1a3981d0b4c28a6b40472b79e1760b64dad1537?s=96&d=mm&r=g\",\"contentUrl\":\"https:\/\/secure.gravatar.com\/avatar\/37ef52f555f1fd2c0676fc8ea1a3981d0b4c28a6b40472b79e1760b64dad1537?s=96&d=mm&r=g\",\"caption\":\"GonzaloG\"},\"sameAs\":[\"https:\/\/bellvr.net\"],\"url\":\"https:\/\/bellvr.net\/ca\/author\/gonzalog\/\"}]}<\/script>\n<!-- \/ Yoast SEO plugin. -->","yoast_head_json":{"title":"Uso de las Herramientas de Calor de Cabello- Marandbels","description":"\u00bfTe has preguntado si es posible tener un cabello estilizado sin da\u00f1arlo? Aprende como las herramientas de calor pueden ser tus aliadas.","robots":{"index":"index","follow":"follow","max-snippet":"max-snippet:-1","max-image-preview":"max-image-preview:large","max-video-preview":"max-video-preview:-1"},"canonical":"https:\/\/bellvr.net\/ca\/consejos-para-utilizar-planchas-y-secadores-sin-comprometer-la-salud-del-cabello\/","og_locale":"ca_ES","og_type":"article","og_title":"Uso de las Herramientas de Calor de Cabello- Marandbels","og_description":"\u00bfTe has preguntado si es posible tener un cabello estilizado sin da\u00f1arlo? Aprende como las herramientas de calor pueden ser tus aliadas.","og_url":"https:\/\/bellvr.net\/ca\/consejos-para-utilizar-planchas-y-secadores-sin-comprometer-la-salud-del-cabello\/","og_site_name":"Bell VR | Sal&oacute;n de belleza en Barcelona, tratamientos capilares y faciales, est&eacute;tica, coloraci&oacute;n y extensiones","article_published_time":"2023-12-07T13:31:00+00:00","article_modified_time":"2024-04-26T12:23:42+00:00","og_image":[{"width":696,"height":464,"url":"https:\/\/bellvr.net\/wp-content\/uploads\/2023\/12\/plancha-y-secador-1-jpg.webp","type":"image\/jpeg"}],"author":"GonzaloG","twitter_card":"summary_large_image","twitter_misc":{"Escrit per":"GonzaloG","Temps estimat de lectura":"8 minuts"},"schema":{"@context":"https:\/\/schema.org","@graph":[{"@type":"Article","@id":"https:\/\/bellvr.net\/consejos-para-utilizar-planchas-y-secadores-sin-comprometer-la-salud-del-cabello\/#article","isPartOf":{"@id":"https:\/\/bellvr.net\/consejos-para-utilizar-planchas-y-secadores-sin-comprometer-la-salud-del-cabello\/"},"author":{"name":"GonzaloG","@id":"https:\/\/bellvr.net\/#\/schema\/person\/15f5db756f91536f299100b3c793131d"},"headline":"Consejos para utilizar planchas y secadores sin comprometer la salud del cabello","datePublished":"2023-12-07T13:31:00+00:00","dateModified":"2024-04-26T12:23:42+00:00","mainEntityOfPage":{"@id":"https:\/\/bellvr.net\/consejos-para-utilizar-planchas-y-secadores-sin-comprometer-la-salud-del-cabello\/"},"wordCount":1712,"commentCount":0,"publisher":{"@id":"https:\/\/bellvr.net\/#organization"},"image":{"@id":"https:\/\/bellvr.net\/consejos-para-utilizar-planchas-y-secadores-sin-comprometer-la-salud-del-cabello\/#primaryimage"},"thumbnailUrl":"https:\/\/i0.wp.com\/bellvr.net\/wp-content\/uploads\/2023\/12\/plancha-y-secador-1-jpg.webp?fit=696%2C464&ssl=1","articleSection":["Cuidado personal"],"inLanguage":"ca","potentialAction":[{"@type":"CommentAction","name":"Comment","target":["https:\/\/bellvr.net\/consejos-para-utilizar-planchas-y-secadores-sin-comprometer-la-salud-del-cabello\/#respond"]}]},{"@type":"WebPage","@id":"https:\/\/bellvr.net\/consejos-para-utilizar-planchas-y-secadores-sin-comprometer-la-salud-del-cabello\/","url":"https:\/\/bellvr.net\/consejos-para-utilizar-planchas-y-secadores-sin-comprometer-la-salud-del-cabello\/","name":"Uso de las Herramientas de Calor de Cabello- Marandbels","isPartOf":{"@id":"https:\/\/bellvr.net\/#website"},"primaryImageOfPage":{"@id":"https:\/\/bellvr.net\/consejos-para-utilizar-planchas-y-secadores-sin-comprometer-la-salud-del-cabello\/#primaryimage"},"image":{"@id":"https:\/\/bellvr.net\/consejos-para-utilizar-planchas-y-secadores-sin-comprometer-la-salud-del-cabello\/#primaryimage"},"thumbnailUrl":"https:\/\/i0.wp.com\/bellvr.net\/wp-content\/uploads\/2023\/12\/plancha-y-secador-1-jpg.webp?fit=696%2C464&ssl=1","datePublished":"2023-12-07T13:31:00+00:00","dateModified":"2024-04-26T12:23:42+00:00","description":"\u00bfTe has preguntado si es posible tener un cabello estilizado sin da\u00f1arlo? Aprende como las herramientas de calor pueden ser tus aliadas.","breadcrumb":{"@id":"https:\/\/bellvr.net\/consejos-para-utilizar-planchas-y-secadores-sin-comprometer-la-salud-del-cabello\/#breadcrumb"},"inLanguage":"ca","potentialAction":[{"@type":"ReadAction","target":["https:\/\/bellvr.net\/consejos-para-utilizar-planchas-y-secadores-sin-comprometer-la-salud-del-cabello\/"]}]},{"@type":"ImageObject","inLanguage":"ca","@id":"https:\/\/bellvr.net\/consejos-para-utilizar-planchas-y-secadores-sin-comprometer-la-salud-del-cabello\/#primaryimage","url":"https:\/\/i0.wp.com\/bellvr.net\/wp-content\/uploads\/2023\/12\/plancha-y-secador-1-jpg.webp?fit=696%2C464&ssl=1","contentUrl":"https:\/\/i0.wp.com\/bellvr.net\/wp-content\/uploads\/2023\/12\/plancha-y-secador-1-jpg.webp?fit=696%2C464&ssl=1","width":696,"height":464},{"@type":"BreadcrumbList","@id":"https:\/\/bellvr.net\/consejos-para-utilizar-planchas-y-secadores-sin-comprometer-la-salud-del-cabello\/#breadcrumb","itemListElement":[{"@type":"ListItem","position":1,"name":"Portada","item":"https:\/\/bellvr.net\/"},{"@type":"ListItem","position":2,"name":"Consejos para utilizar planchas y secadores sin comprometer la salud del cabello"}]},{"@type":"WebSite","@id":"https:\/\/bellvr.net\/#website","url":"https:\/\/bellvr.net\/","name":"Bell VR | Sal&oacute;n de belleza en Barcelona, tratamientos capilares y faciales, est&eacute;tica, coloraci&oacute;n y extensiones","description":"","publisher":{"@id":"https:\/\/bellvr.net\/#organization"},"potentialAction":[{"@type":"SearchAction","target":{"@type":"EntryPoint","urlTemplate":"https:\/\/bellvr.net\/?s={search_term_string}"},"query-input":{"@type":"PropertyValueSpecification","valueRequired":true,"valueName":"search_term_string"}}],"inLanguage":"ca"},{"@type":"Organization","@id":"https:\/\/bellvr.net\/#organization","name":"Bell VR | Sal&oacute;n de belleza en Barcelona, tratamientos capilares y faciales, est&eacute;tica, coloraci&oacute;n y extensiones","url":"https:\/\/bellvr.net\/","logo":{"@type":"ImageObject","inLanguage":"ca","@id":"https:\/\/bellvr.net\/#\/schema\/logo\/image\/","url":"https:\/\/bellvr.net\/wp-content\/uploads\/2023\/07\/2.jpg","contentUrl":"https:\/\/bellvr.net\/wp-content\/uploads\/2023\/07\/2.jpg","width":696,"height":464,"caption":"Bell VR | Sal&oacute;n de belleza en Barcelona, tratamientos capilares y faciales, est&eacute;tica, coloraci&oacute;n y extensiones"},"image":{"@id":"https:\/\/bellvr.net\/#\/schema\/logo\/image\/"},"sameAs":["https:\/\/www.instagram.com\/bell.victoriaramos\/?hl=es"]},{"@type":"Person","@id":"https:\/\/bellvr.net\/#\/schema\/person\/15f5db756f91536f299100b3c793131d","name":"GonzaloG","image":{"@type":"ImageObject","inLanguage":"ca","@id":"https:\/\/secure.gravatar.com\/avatar\/37ef52f555f1fd2c0676fc8ea1a3981d0b4c28a6b40472b79e1760b64dad1537?s=96&d=mm&r=g","url":"https:\/\/secure.gravatar.com\/avatar\/37ef52f555f1fd2c0676fc8ea1a3981d0b4c28a6b40472b79e1760b64dad1537?s=96&d=mm&r=g","contentUrl":"https:\/\/secure.gravatar.com\/avatar\/37ef52f555f1fd2c0676fc8ea1a3981d0b4c28a6b40472b79e1760b64dad1537?s=96&d=mm&r=g","caption":"GonzaloG"},"sameAs":["https:\/\/bellvr.net"],"url":"https:\/\/bellvr.net\/ca\/author\/gonzalog\/"}]}},"_links":{"self":[{"href":"https:\/\/bellvr.net\/ca\/wp-json\/wp\/v2\/posts\/1609","targetHints":{"allow":["GET"]}}],"collection":[{"href":"https:\/\/bellvr.net\/ca\/wp-json\/wp\/v2\/posts"}],"about":[{"href":"https:\/\/bellvr.net\/ca\/wp-json\/wp\/v2\/types\/post"}],"author":[{"embeddable":true,"href":"https:\/\/bellvr.net\/ca\/wp-json\/wp\/v2\/users\/1"}],"replies":[{"embeddable":true,"href":"https:\/\/bellvr.net\/ca\/wp-json\/wp\/v2\/comments?post=1609"}],"version-history":[{"count":3,"href":"https:\/\/bellvr.net\/ca\/wp-json\/wp\/v2\/posts\/1609\/revisions"}],"predecessor-version":[{"id":1662,"href":"https:\/\/bellvr.net\/ca\/wp-json\/wp\/v2\/posts\/1609\/revisions\/1662"}],"wp:featuredmedia":[{"embeddable":true,"href":"https:\/\/bellvr.net\/ca\/wp-json\/wp\/v2\/media\/1610"}],"wp:attachment":[{"href":"https:\/\/bellvr.net\/ca\/wp-json\/wp\/v2\/media?parent=1609"}],"wp:term":[{"taxonomy":"category","embeddable":true,"href":"https:\/\/bellvr.net\/ca\/wp-json\/wp\/v2\/categories?post=1609"},{"taxonomy":"post_tag","embeddable":true,"href":"https:\/\/bellvr.net\/ca\/wp-json\/wp\/v2\/tags?post=1609"}],"curies":[{"name":"wp","href":"https:\/\/api.w.org\/{rel}","templated":true}]}}