{"id":1638,"date":"2024-03-26T16:13:33","date_gmt":"2024-03-26T16:13:33","guid":{"rendered":"https:\/\/bellvr.net\/?p=1638"},"modified":"2024-03-26T16:15:46","modified_gmt":"2024-03-26T16:15:46","slug":"aceite-de-argan-anadelo-a-tu-rutina-capilar","status":"publish","type":"post","link":"https:\/\/bellvr.net\/ca\/aceite-de-argan-anadelo-a-tu-rutina-capilar\/","title":{"rendered":"Aceite de Arg\u00e1n: a\u00f1\u00e1delo a tu rutina capilar"},"content":{"rendered":"<p>\u00bfTe has preguntado alguna vez c\u00f3mo ser\u00eda descubrir un secreto milenario que podr\u00eda transformar tu cabello de manera espectacular? La naturaleza nos ha regalado ese secreto, y est\u00e1 m\u00e1s cerca de lo que imaginas. Sigue leyendo y descubre el milagroso aceite de arg\u00e1n para el pelo, un tesoro que ha trascendido generaciones, conocido como el oro l\u00edquido por sus incre\u00edbles beneficios y aplicaciones. Acomp\u00e1\u00f1ame en este viaje para entender c\u00f3mo este preciado elixir puede ser el aliado perfecto en tu rutina capilar.<\/p>\n<h2><strong>\u00bfQu\u00e9 es el Aceite de Arg\u00e1n y Por Qu\u00e9 es Conocido como el Oro L\u00edquido?<\/strong><\/h2>\n<p>El aceite de arg\u00e1n se extrae de los frutos del arg\u00e1n, un \u00e1rbol \u00fanico en el mundo que crece en ciertas \u00e1reas de Marruecos. Este aceite ha sido utilizado durante siglos por sus propiedades nutritivas y cosm\u00e9ticas, gan\u00e1ndose el apodo de \u00aboro l\u00edquido\u00bb debido a su color dorado y su valor incalculable para el cuidado del cabello y la piel.<\/p>\n<h2><strong>Beneficios del Aceite de Arg\u00e1n en el Pelo<\/strong><\/h2>\n<p><strong>Este elixir ofrece m\u00faltiples beneficios para tu cabello:<\/strong><\/p>\n<p><strong>Hidrataci\u00f3n y Nutrici\u00f3n Profunda:<\/strong> El aceite de arg\u00e1n es un hidratante excepcional. Penetra en el cabello y el cuero cabelludo, aportando una hidrataci\u00f3n profunda y duradera, sin dejar residuos grasosos. Es ideal para tratar cabellos secos y quebradizos, devolvi\u00e9ndoles la vida y el brillo natural desde la primera aplicaci\u00f3n.<\/p>\n<p><strong>Restauraci\u00f3n del Da\u00f1o:<\/strong> Gracias a su capacidad para reparar la fibra capilar, este oro l\u00edquido ayuda a reconstruir los cabellos da\u00f1ados por factores externos como la exposici\u00f3n solar, la contaminaci\u00f3n, los tratamientos qu\u00edmicos y el uso excesivo de herramientas de calor. Al envolver cada hebra de cabello en una pel\u00edcula protectora, el aceite de arg\u00e1n previene la p\u00e9rdida de hidrataci\u00f3n y protege contra futuros da\u00f1os.<\/p>\n<p><strong>Control del Frizz y Suavidad:<\/strong> Uno de los beneficios m\u00e1s apreciados del aceite de arg\u00e1n es su capacidad para domar el frizz y mejorar la manejabilidad del cabello. Al alisar la cut\u00edcula capilar, este aceite reduce el encrespamiento y deja el cabello m\u00e1s suave, sedoso y f\u00e1cil de peinar.<\/p>\n<p><strong>Estimulaci\u00f3n del Crecimiento Capilar:<\/strong> Adem\u00e1s de sus efectos cosm\u00e9ticos, el aceite de arg\u00e1n puede contribuir al crecimiento saludable del cabello. Nutriendo el cuero cabelludo y mejorando la circulaci\u00f3n sangu\u00ednea en esta \u00e1rea, favorece un ambiente \u00f3ptimo para el crecimiento de nuevos cabellos, m\u00e1s fuertes y resistentes.<\/p>\n<p><strong>Protecci\u00f3n contra el Calor y los Rayos UV:<\/strong> Este aceite no solo combate los da\u00f1os causados por factores qu\u00edmicos y mec\u00e1nicos, sino que tambi\u00e9n ofrece una barrera natural contra el calor de las planchas y secadores, as\u00ed como contra los da\u00f1inos rayos UV del sol. Esto es crucial para mantener un cabello saludable, especialmente durante los meses m\u00e1s c\u00e1lidos o para quienes utilizan regularmente herramientas de peinado.<\/p>\n<p><strong>Aporta Brillo Natural:<\/strong> El uso continuado del aceite de arg\u00e1n devuelve al cabello su brillo natural. A diferencia de otros productos que pueden dejar el cabello con un aspecto graso, el aceite de arg\u00e1n se absorbe r\u00e1pidamente sin apelmazar, dejando el cabello luminoso y vibrante.<\/p>\n<p><img data-recalc-dims=\"1\" fetchpriority=\"high\" decoding=\"async\" class=\"alignnone  wp-image-1640\" src=\"https:\/\/i0.wp.com\/bellvr.net\/wp-content\/uploads\/2024\/03\/aceite-300x200.webp?resize=640%2C426&#038;ssl=1\" alt=\"\" width=\"640\" height=\"426\" srcset=\"https:\/\/i0.wp.com\/bellvr.net\/wp-content\/uploads\/2024\/03\/aceite-jpg.webp?resize=300%2C200&amp;ssl=1 300w, https:\/\/i0.wp.com\/bellvr.net\/wp-content\/uploads\/2024\/03\/aceite-jpg.webp?resize=18%2C12&amp;ssl=1 18w, https:\/\/i0.wp.com\/bellvr.net\/wp-content\/uploads\/2024\/03\/aceite-jpg.webp?w=696&amp;ssl=1 696w\" sizes=\"(max-width: 640px) 100vw, 640px\" \/><\/p>\n<h2><strong>\u00bfC\u00f3mo se Utiliza el Aceite de Arg\u00e1n para el Cabello?<\/strong><\/h2>\n<p>Incorporar el aceite de arg\u00e1n en tu rutina capilar es sencillo y vers\u00e1til. Aqu\u00ed te dejo algunas formas de utilizarlo:<\/p>\n<p>Incorporar el aceite de arg\u00e1n en tu rutina capilar es sorprendentemente f\u00e1cil y se adapta a las necesidades de todos los tipos de cabello, desde los m\u00e1s secos y quebradizos hasta los m\u00e1s grasos y finos. Este elixir marroqu\u00ed ofrece flexibilidad en su aplicaci\u00f3n, permitiendo que cada quien descubra la manera perfecta de beneficiarse de sus propiedades seg\u00fan sus necesidades particulares. Aqu\u00ed te guiar\u00e9 a trav\u00e9s de diversas formas efectivas de utilizar este preciado aceite, integrando tambi\u00e9n consejos sobre cu\u00e1nto tiempo deber\u00edas dejarlo actuar para maximizar sus efectos.<\/p>\n<p>&nbsp;<\/p>\n<ul>\n<li>Como Tratamiento Pre-lavado: Esta es una manera excelente de nutrir profundamente tu cabello, especialmente si est\u00e1 da\u00f1ado o extremadamente seco. Aplica generosamente aceite de arg\u00e1n desde la ra\u00edz hasta las puntas y masajea suavemente tu cuero cabelludo para estimular la circulaci\u00f3n sangu\u00ednea y potenciar la absorci\u00f3n de nutrientes. Dejar el aceite actuar durante al menos 30 minutos proporciona una hidrataci\u00f3n intensa, aunque para resultados \u00f3ptimos, considera aplicarlo antes de dormir y dejarlo toda la noche. Cubre tu cabello con un gorro de ducha o una toalla para proteger tu almohada y permitir que el aceite penetre profundamente.<\/li>\n<li>Como Acondicionador sin Enjuague: Despu\u00e9s de lavar tu cabello, aplica unas gotas de aceite de arg\u00e1n mientras a\u00fan est\u00e1 h\u00famedo. Distrib\u00fayelo uniformemente, concentr\u00e1ndote en las puntas, para desenredar y a\u00f1adir un extra de hidrataci\u00f3n. Esta aplicaci\u00f3n no solo facilita el peinado, sino que tambi\u00e9n protege el cabello durante el d\u00eda. Al ser ligero, no necesitas enjuagarlo, y no dejar\u00e1 tu cabello graso si aplicas la cantidad adecuada.<\/li>\n<li>Para Protecci\u00f3n Contra el Calor: Si utilizas herramientas de calor como secadores, planchas o rizadores, el aceite de arg\u00e1n puede ser tu mejor aliado. Aplica una peque\u00f1a cantidad sobre tu cabello h\u00famedo antes de usar cualquier herramienta de calor. Esto crear\u00e1 una barrera protectora que minimiza el da\u00f1o, manteniendo tu cabello saludable y resiliente.<\/li>\n<li>Como Tratamiento para el Cuero Cabelludo: Si sufres de sequedad o picaz\u00f3n en el cuero cabelludo, el aceite de arg\u00e1n puede proporcionar alivio y nutrici\u00f3n. Aplica unas gotas directamente sobre el cuero cabelludo antes de ir a la cama, masajeando suavemente para distribuir el aceite. Dejarlo actuar toda la noche permitir\u00e1 que los nutrientes se absorban completamente, promoviendo un cuero cabelludo sano y estimulando el crecimiento del cabello.<\/li>\n<\/ul>\n<p>&nbsp;<\/p>\n<h3><strong>Tiempos de Actuaci\u00f3n para Maximizar los Beneficios<\/strong><\/h3>\n<p>El tiempo que dejas actuar el aceite de arg\u00e1n en tu cabello puede influir significativamente en los resultados:<\/p>\n<p>Para tratamientos pre-lavado y del cuero cabelludo, dejarlo actuar de 30 minutos a toda la noche maximiza la penetraci\u00f3n y eficacia del aceite.<\/p>\n<p>Como acondicionador sin enjuague o protector contra el calor, se aplica y deja en el cabello sin necesidad de un tiempo de espera espec\u00edfico antes de proceder con el peinado o uso de herramientas de calor.<\/p>\n<p>Experimenta con estas t\u00e9cnicas para descubrir c\u00f3mo el aceite de arg\u00e1n puede transformar tu cabello, ofreci\u00e9ndote una soluci\u00f3n natural para mantenerlo nutrido, protegido y radiante. La clave est\u00e1 en adaptar el uso y los tiempos de actuaci\u00f3n a las necesidades espec\u00edficas de tu cabello, asegurando as\u00ed que este oro l\u00edquido se convierta en un pilar insustituible de tu rutina de cuidado capilar.<\/p>\n<p>&nbsp;<\/p>\n<h2><strong>Consejos para Incorporar el Aceite de Arg\u00e1n en tu Rutina Capilar<\/strong><\/h2>\n<ul>\n<li>Elige un Aceite Puro: Aseg\u00farate de que el aceite de arg\u00e1n sea 100% puro y org\u00e1nico para obtener todos sus beneficios.<\/li>\n<li>Menos es M\u00e1s: Comienza con unas pocas gotas. Puedes a\u00f1adir m\u00e1s si es necesario, pero evita el exceso para no apelmazar el cabello.<\/li>\n<li>Calidad sobre Cantidad: Invierte en un aceite de buena calidad. Un poco va un largo camino y los resultados valen la pena.<\/li>\n<li>El Aceite de Arg\u00e1n y Bell Vr: Una Combinaci\u00f3n Perfecta para tu Cabello<\/li>\n<\/ul>\n<p>En Bell Vr, entendemos la importancia de utilizar productos de alta calidad en tu cabello. El aceite de arg\u00e1n es solo uno de los muchos ingredientes naturales que promovemos para garantizar que tu cabello luzca siempre su mejor versi\u00f3n. Ya sea que est\u00e9s buscando una coloraci\u00f3n de pelo en Barcelona, un cambio de look en la Peluquer\u00eda Paseo San Juan, tratamientos capilares innovadores en Barcelona, o una experiencia revitalizante de talasoterapia en Barcelona, en Bell Vr te ofrecemos soluciones personalizadas para satisfacer todas tus necesidades capilares.<\/p>\n<p>&nbsp;<\/p>\n<p>Recuerda, cuidar tu cabello es una forma de amor propio. Incorporando el aceite de arg\u00e1n en tu rutina, no solo est\u00e1s nutriendo tu cabello, sino que tambi\u00e9n est\u00e1s adoptando una pr\u00e1ctica de belleza sostenible y milenaria. \u00bfListo para darle a tu cabello el tratamiento que se merece con el toque m\u00e1gico del oro l\u00edquido? Visita Bell Vr y descubre c\u00f3mo podemos transformar tu cabello y tu rutina de belleza hoy mismo.<\/p>","protected":false},"excerpt":{"rendered":"<p>\u00bfTe has preguntado alguna vez c\u00f3mo ser\u00eda descubrir un secreto milenario que podr\u00eda transformar tu cabello de manera espectacular? La naturaleza nos ha regalado ese secreto, y est\u00e1 m\u00e1s cerca de lo que imaginas. Sigue leyendo y descubre el milagroso aceite de arg\u00e1n para el pelo, un tesoro que ha trascendido generaciones, conocido como el [&hellip;]<\/p>\n","protected":false},"author":2,"featured_media":1639,"comment_status":"open","ping_status":"open","sticky":false,"template":"","format":"standard","meta":{"_acf_changed":false,"footnotes":""},"categories":[28],"tags":[],"class_list":["post-1638","post","type-post","status-publish","format-standard","has-post-thumbnail","hentry","category-cuidado-personal"],"acf":[],"yoast_head":"<!-- This site is optimized with the Yoast SEO plugin v27.2 - https:\/\/yoast.com\/product\/yoast-seo-wordpress\/ -->\n<title>Aceite de Arg\u00e1n: a\u00f1\u00e1delo a tu rutina capilar - Bell VR | Sal&oacute;n de belleza en Barcelona, tratamientos capilares y faciales, est&eacute;tica, coloraci&oacute;n y extensiones<\/title>\n<meta name=\"description\" content=\"Este aceite tiene propiedades nutritivas y cosm\u00e9ticas, debido a su valor incalculable para el cuidado del cabello y la piel.\" \/>\n<meta name=\"robots\" content=\"index, follow, max-snippet:-1, max-image-preview:large, max-video-preview:-1\" \/>\n<link rel=\"canonical\" href=\"https:\/\/bellvr.net\/ca\/aceite-de-argan-anadelo-a-tu-rutina-capilar\/\" \/>\n<meta property=\"og:locale\" content=\"ca_ES\" \/>\n<meta property=\"og:type\" content=\"article\" \/>\n<meta property=\"og:title\" content=\"Aceite de Arg\u00e1n: a\u00f1\u00e1delo a tu rutina capilar - Bell VR | Sal&oacute;n de belleza en Barcelona, tratamientos capilares y faciales, est&eacute;tica, coloraci&oacute;n y extensiones\" \/>\n<meta property=\"og:description\" content=\"Este aceite tiene propiedades nutritivas y cosm\u00e9ticas, debido a su valor incalculable para el cuidado del cabello y la piel.\" \/>\n<meta property=\"og:url\" content=\"https:\/\/bellvr.net\/ca\/aceite-de-argan-anadelo-a-tu-rutina-capilar\/\" \/>\n<meta property=\"og:site_name\" content=\"Bell VR | Sal&oacute;n de belleza en Barcelona, tratamientos capilares y faciales, est&eacute;tica, coloraci&oacute;n y extensiones\" \/>\n<meta property=\"article:published_time\" content=\"2024-03-26T16:13:33+00:00\" \/>\n<meta property=\"article:modified_time\" content=\"2024-03-26T16:15:46+00:00\" \/>\n<meta property=\"og:image\" content=\"https:\/\/bellvr.net\/wp-content\/uploads\/2024\/03\/arrgan-jpg.webp\" \/>\n\t<meta property=\"og:image:width\" content=\"696\" \/>\n\t<meta property=\"og:image:height\" content=\"464\" \/>\n\t<meta property=\"og:image:type\" content=\"image\/jpeg\" \/>\n<meta name=\"author\" content=\"Bell VR\" \/>\n<meta name=\"twitter:card\" content=\"summary_large_image\" \/>\n<meta name=\"twitter:label1\" content=\"Escrit per\" \/>\n\t<meta name=\"twitter:data1\" content=\"Bell VR\" \/>\n\t<meta name=\"twitter:label2\" content=\"Temps estimat de lectura\" \/>\n\t<meta name=\"twitter:data2\" content=\"7 minuts\" \/>\n<script type=\"application\/ld+json\" class=\"yoast-schema-graph\">{\"@context\":\"https:\/\/schema.org\",\"@graph\":[{\"@type\":\"Article\",\"@id\":\"https:\/\/bellvr.net\/aceite-de-argan-anadelo-a-tu-rutina-capilar\/#article\",\"isPartOf\":{\"@id\":\"https:\/\/bellvr.net\/aceite-de-argan-anadelo-a-tu-rutina-capilar\/\"},\"author\":{\"name\":\"Bell VR\",\"@id\":\"https:\/\/bellvr.net\/#\/schema\/person\/8782b4208bd30fb589ed1f709cb0da96\"},\"headline\":\"Aceite de Arg\u00e1n: a\u00f1\u00e1delo a tu rutina capilar\",\"datePublished\":\"2024-03-26T16:13:33+00:00\",\"dateModified\":\"2024-03-26T16:15:46+00:00\",\"mainEntityOfPage\":{\"@id\":\"https:\/\/bellvr.net\/aceite-de-argan-anadelo-a-tu-rutina-capilar\/\"},\"wordCount\":1435,\"commentCount\":0,\"publisher\":{\"@id\":\"https:\/\/bellvr.net\/#organization\"},\"image\":{\"@id\":\"https:\/\/bellvr.net\/aceite-de-argan-anadelo-a-tu-rutina-capilar\/#primaryimage\"},\"thumbnailUrl\":\"https:\/\/i0.wp.com\/bellvr.net\/wp-content\/uploads\/2024\/03\/arrgan-jpg.webp?fit=696%2C464&ssl=1\",\"articleSection\":[\"Cuidado personal\"],\"inLanguage\":\"ca\",\"potentialAction\":[{\"@type\":\"CommentAction\",\"name\":\"Comment\",\"target\":[\"https:\/\/bellvr.net\/aceite-de-argan-anadelo-a-tu-rutina-capilar\/#respond\"]}]},{\"@type\":\"WebPage\",\"@id\":\"https:\/\/bellvr.net\/aceite-de-argan-anadelo-a-tu-rutina-capilar\/\",\"url\":\"https:\/\/bellvr.net\/aceite-de-argan-anadelo-a-tu-rutina-capilar\/\",\"name\":\"Aceite de Arg\u00e1n: a\u00f1\u00e1delo a tu rutina capilar - Bell VR | Sal&oacute;n de belleza en Barcelona, tratamientos capilares y faciales, est&eacute;tica, coloraci&oacute;n y extensiones\",\"isPartOf\":{\"@id\":\"https:\/\/bellvr.net\/#website\"},\"primaryImageOfPage\":{\"@id\":\"https:\/\/bellvr.net\/aceite-de-argan-anadelo-a-tu-rutina-capilar\/#primaryimage\"},\"image\":{\"@id\":\"https:\/\/bellvr.net\/aceite-de-argan-anadelo-a-tu-rutina-capilar\/#primaryimage\"},\"thumbnailUrl\":\"https:\/\/i0.wp.com\/bellvr.net\/wp-content\/uploads\/2024\/03\/arrgan-jpg.webp?fit=696%2C464&ssl=1\",\"datePublished\":\"2024-03-26T16:13:33+00:00\",\"dateModified\":\"2024-03-26T16:15:46+00:00\",\"description\":\"Este aceite tiene propiedades nutritivas y cosm\u00e9ticas, debido a su valor incalculable para el cuidado del cabello y la piel.\",\"breadcrumb\":{\"@id\":\"https:\/\/bellvr.net\/aceite-de-argan-anadelo-a-tu-rutina-capilar\/#breadcrumb\"},\"inLanguage\":\"ca\",\"potentialAction\":[{\"@type\":\"ReadAction\",\"target\":[\"https:\/\/bellvr.net\/aceite-de-argan-anadelo-a-tu-rutina-capilar\/\"]}]},{\"@type\":\"ImageObject\",\"inLanguage\":\"ca\",\"@id\":\"https:\/\/bellvr.net\/aceite-de-argan-anadelo-a-tu-rutina-capilar\/#primaryimage\",\"url\":\"https:\/\/i0.wp.com\/bellvr.net\/wp-content\/uploads\/2024\/03\/arrgan-jpg.webp?fit=696%2C464&ssl=1\",\"contentUrl\":\"https:\/\/i0.wp.com\/bellvr.net\/wp-content\/uploads\/2024\/03\/arrgan-jpg.webp?fit=696%2C464&ssl=1\",\"width\":696,\"height\":464},{\"@type\":\"BreadcrumbList\",\"@id\":\"https:\/\/bellvr.net\/aceite-de-argan-anadelo-a-tu-rutina-capilar\/#breadcrumb\",\"itemListElement\":[{\"@type\":\"ListItem\",\"position\":1,\"name\":\"Portada\",\"item\":\"https:\/\/bellvr.net\/\"},{\"@type\":\"ListItem\",\"position\":2,\"name\":\"Aceite de Arg\u00e1n: a\u00f1\u00e1delo a tu rutina capilar\"}]},{\"@type\":\"WebSite\",\"@id\":\"https:\/\/bellvr.net\/#website\",\"url\":\"https:\/\/bellvr.net\/\",\"name\":\"Bell VR | Sal&oacute;n de belleza en Barcelona, tratamientos capilares y faciales, est&eacute;tica, coloraci&oacute;n y extensiones\",\"description\":\"\",\"publisher\":{\"@id\":\"https:\/\/bellvr.net\/#organization\"},\"potentialAction\":[{\"@type\":\"SearchAction\",\"target\":{\"@type\":\"EntryPoint\",\"urlTemplate\":\"https:\/\/bellvr.net\/?s={search_term_string}\"},\"query-input\":{\"@type\":\"PropertyValueSpecification\",\"valueRequired\":true,\"valueName\":\"search_term_string\"}}],\"inLanguage\":\"ca\"},{\"@type\":\"Organization\",\"@id\":\"https:\/\/bellvr.net\/#organization\",\"name\":\"Bell VR | Sal&oacute;n de belleza en Barcelona, tratamientos capilares y faciales, est&eacute;tica, coloraci&oacute;n y extensiones\",\"url\":\"https:\/\/bellvr.net\/\",\"logo\":{\"@type\":\"ImageObject\",\"inLanguage\":\"ca\",\"@id\":\"https:\/\/bellvr.net\/#\/schema\/logo\/image\/\",\"url\":\"https:\/\/bellvr.net\/wp-content\/uploads\/2023\/07\/2.jpg\",\"contentUrl\":\"https:\/\/bellvr.net\/wp-content\/uploads\/2023\/07\/2.jpg\",\"width\":696,\"height\":464,\"caption\":\"Bell VR | Sal&oacute;n de belleza en Barcelona, tratamientos capilares y faciales, est&eacute;tica, coloraci&oacute;n y extensiones\"},\"image\":{\"@id\":\"https:\/\/bellvr.net\/#\/schema\/logo\/image\/\"},\"sameAs\":[\"https:\/\/www.instagram.com\/bell.victoriaramos\/?hl=es\"]},{\"@type\":\"Person\",\"@id\":\"https:\/\/bellvr.net\/#\/schema\/person\/8782b4208bd30fb589ed1f709cb0da96\",\"name\":\"Bell VR\",\"image\":{\"@type\":\"ImageObject\",\"inLanguage\":\"ca\",\"@id\":\"https:\/\/secure.gravatar.com\/avatar\/fcdc65fc9be360e8768fa64d987fa23e2bfb6503015d60a26beeac6f339ee628?s=96&d=mm&r=g\",\"url\":\"https:\/\/secure.gravatar.com\/avatar\/fcdc65fc9be360e8768fa64d987fa23e2bfb6503015d60a26beeac6f339ee628?s=96&d=mm&r=g\",\"contentUrl\":\"https:\/\/secure.gravatar.com\/avatar\/fcdc65fc9be360e8768fa64d987fa23e2bfb6503015d60a26beeac6f339ee628?s=96&d=mm&r=g\",\"caption\":\"Bell VR\"},\"url\":\"https:\/\/bellvr.net\/ca\/author\/bell-vr\/\"}]}<\/script>\n<!-- \/ Yoast SEO plugin. -->","yoast_head_json":{"title":"Aceite de Arg\u00e1n: a\u00f1\u00e1delo a tu rutina capilar - Bell VR | Sal&oacute;n de belleza en Barcelona, tratamientos capilares y faciales, est&eacute;tica, coloraci&oacute;n y extensiones","description":"Este aceite tiene propiedades nutritivas y cosm\u00e9ticas, debido a su valor incalculable para el cuidado del cabello y la piel.","robots":{"index":"index","follow":"follow","max-snippet":"max-snippet:-1","max-image-preview":"max-image-preview:large","max-video-preview":"max-video-preview:-1"},"canonical":"https:\/\/bellvr.net\/ca\/aceite-de-argan-anadelo-a-tu-rutina-capilar\/","og_locale":"ca_ES","og_type":"article","og_title":"Aceite de Arg\u00e1n: a\u00f1\u00e1delo a tu rutina capilar - Bell VR | Sal&oacute;n de belleza en Barcelona, tratamientos capilares y faciales, est&eacute;tica, coloraci&oacute;n y extensiones","og_description":"Este aceite tiene propiedades nutritivas y cosm\u00e9ticas, debido a su valor incalculable para el cuidado del cabello y la piel.","og_url":"https:\/\/bellvr.net\/ca\/aceite-de-argan-anadelo-a-tu-rutina-capilar\/","og_site_name":"Bell VR | Sal&oacute;n de belleza en Barcelona, tratamientos capilares y faciales, est&eacute;tica, coloraci&oacute;n y extensiones","article_published_time":"2024-03-26T16:13:33+00:00","article_modified_time":"2024-03-26T16:15:46+00:00","og_image":[{"width":696,"height":464,"url":"https:\/\/bellvr.net\/wp-content\/uploads\/2024\/03\/arrgan-jpg.webp","type":"image\/jpeg"}],"author":"Bell VR","twitter_card":"summary_large_image","twitter_misc":{"Escrit per":"Bell VR","Temps estimat de lectura":"7 minuts"},"schema":{"@context":"https:\/\/schema.org","@graph":[{"@type":"Article","@id":"https:\/\/bellvr.net\/aceite-de-argan-anadelo-a-tu-rutina-capilar\/#article","isPartOf":{"@id":"https:\/\/bellvr.net\/aceite-de-argan-anadelo-a-tu-rutina-capilar\/"},"author":{"name":"Bell VR","@id":"https:\/\/bellvr.net\/#\/schema\/person\/8782b4208bd30fb589ed1f709cb0da96"},"headline":"Aceite de Arg\u00e1n: a\u00f1\u00e1delo a tu rutina capilar","datePublished":"2024-03-26T16:13:33+00:00","dateModified":"2024-03-26T16:15:46+00:00","mainEntityOfPage":{"@id":"https:\/\/bellvr.net\/aceite-de-argan-anadelo-a-tu-rutina-capilar\/"},"wordCount":1435,"commentCount":0,"publisher":{"@id":"https:\/\/bellvr.net\/#organization"},"image":{"@id":"https:\/\/bellvr.net\/aceite-de-argan-anadelo-a-tu-rutina-capilar\/#primaryimage"},"thumbnailUrl":"https:\/\/i0.wp.com\/bellvr.net\/wp-content\/uploads\/2024\/03\/arrgan-jpg.webp?fit=696%2C464&ssl=1","articleSection":["Cuidado personal"],"inLanguage":"ca","potentialAction":[{"@type":"CommentAction","name":"Comment","target":["https:\/\/bellvr.net\/aceite-de-argan-anadelo-a-tu-rutina-capilar\/#respond"]}]},{"@type":"WebPage","@id":"https:\/\/bellvr.net\/aceite-de-argan-anadelo-a-tu-rutina-capilar\/","url":"https:\/\/bellvr.net\/aceite-de-argan-anadelo-a-tu-rutina-capilar\/","name":"Aceite de Arg\u00e1n: a\u00f1\u00e1delo a tu rutina capilar - Bell VR | Sal&oacute;n de belleza en Barcelona, tratamientos capilares y faciales, est&eacute;tica, coloraci&oacute;n y extensiones","isPartOf":{"@id":"https:\/\/bellvr.net\/#website"},"primaryImageOfPage":{"@id":"https:\/\/bellvr.net\/aceite-de-argan-anadelo-a-tu-rutina-capilar\/#primaryimage"},"image":{"@id":"https:\/\/bellvr.net\/aceite-de-argan-anadelo-a-tu-rutina-capilar\/#primaryimage"},"thumbnailUrl":"https:\/\/i0.wp.com\/bellvr.net\/wp-content\/uploads\/2024\/03\/arrgan-jpg.webp?fit=696%2C464&ssl=1","datePublished":"2024-03-26T16:13:33+00:00","dateModified":"2024-03-26T16:15:46+00:00","description":"Este aceite tiene propiedades nutritivas y cosm\u00e9ticas, debido a su valor incalculable para el cuidado del cabello y la piel.","breadcrumb":{"@id":"https:\/\/bellvr.net\/aceite-de-argan-anadelo-a-tu-rutina-capilar\/#breadcrumb"},"inLanguage":"ca","potentialAction":[{"@type":"ReadAction","target":["https:\/\/bellvr.net\/aceite-de-argan-anadelo-a-tu-rutina-capilar\/"]}]},{"@type":"ImageObject","inLanguage":"ca","@id":"https:\/\/bellvr.net\/aceite-de-argan-anadelo-a-tu-rutina-capilar\/#primaryimage","url":"https:\/\/i0.wp.com\/bellvr.net\/wp-content\/uploads\/2024\/03\/arrgan-jpg.webp?fit=696%2C464&ssl=1","contentUrl":"https:\/\/i0.wp.com\/bellvr.net\/wp-content\/uploads\/2024\/03\/arrgan-jpg.webp?fit=696%2C464&ssl=1","width":696,"height":464},{"@type":"BreadcrumbList","@id":"https:\/\/bellvr.net\/aceite-de-argan-anadelo-a-tu-rutina-capilar\/#breadcrumb","itemListElement":[{"@type":"ListItem","position":1,"name":"Portada","item":"https:\/\/bellvr.net\/"},{"@type":"ListItem","position":2,"name":"Aceite de Arg\u00e1n: a\u00f1\u00e1delo a tu rutina capilar"}]},{"@type":"WebSite","@id":"https:\/\/bellvr.net\/#website","url":"https:\/\/bellvr.net\/","name":"Bell VR | Sal&oacute;n de belleza en Barcelona, tratamientos capilares y faciales, est&eacute;tica, coloraci&oacute;n y extensiones","description":"","publisher":{"@id":"https:\/\/bellvr.net\/#organization"},"potentialAction":[{"@type":"SearchAction","target":{"@type":"EntryPoint","urlTemplate":"https:\/\/bellvr.net\/?s={search_term_string}"},"query-input":{"@type":"PropertyValueSpecification","valueRequired":true,"valueName":"search_term_string"}}],"inLanguage":"ca"},{"@type":"Organization","@id":"https:\/\/bellvr.net\/#organization","name":"Bell VR | Sal&oacute;n de belleza en Barcelona, tratamientos capilares y faciales, est&eacute;tica, coloraci&oacute;n y extensiones","url":"https:\/\/bellvr.net\/","logo":{"@type":"ImageObject","inLanguage":"ca","@id":"https:\/\/bellvr.net\/#\/schema\/logo\/image\/","url":"https:\/\/bellvr.net\/wp-content\/uploads\/2023\/07\/2.jpg","contentUrl":"https:\/\/bellvr.net\/wp-content\/uploads\/2023\/07\/2.jpg","width":696,"height":464,"caption":"Bell VR | Sal&oacute;n de belleza en Barcelona, tratamientos capilares y faciales, est&eacute;tica, coloraci&oacute;n y extensiones"},"image":{"@id":"https:\/\/bellvr.net\/#\/schema\/logo\/image\/"},"sameAs":["https:\/\/www.instagram.com\/bell.victoriaramos\/?hl=es"]},{"@type":"Person","@id":"https:\/\/bellvr.net\/#\/schema\/person\/8782b4208bd30fb589ed1f709cb0da96","name":"Bell VR","image":{"@type":"ImageObject","inLanguage":"ca","@id":"https:\/\/secure.gravatar.com\/avatar\/fcdc65fc9be360e8768fa64d987fa23e2bfb6503015d60a26beeac6f339ee628?s=96&d=mm&r=g","url":"https:\/\/secure.gravatar.com\/avatar\/fcdc65fc9be360e8768fa64d987fa23e2bfb6503015d60a26beeac6f339ee628?s=96&d=mm&r=g","contentUrl":"https:\/\/secure.gravatar.com\/avatar\/fcdc65fc9be360e8768fa64d987fa23e2bfb6503015d60a26beeac6f339ee628?s=96&d=mm&r=g","caption":"Bell VR"},"url":"https:\/\/bellvr.net\/ca\/author\/bell-vr\/"}]}},"_links":{"self":[{"href":"https:\/\/bellvr.net\/ca\/wp-json\/wp\/v2\/posts\/1638","targetHints":{"allow":["GET"]}}],"collection":[{"href":"https:\/\/bellvr.net\/ca\/wp-json\/wp\/v2\/posts"}],"about":[{"href":"https:\/\/bellvr.net\/ca\/wp-json\/wp\/v2\/types\/post"}],"author":[{"embeddable":true,"href":"https:\/\/bellvr.net\/ca\/wp-json\/wp\/v2\/users\/2"}],"replies":[{"embeddable":true,"href":"https:\/\/bellvr.net\/ca\/wp-json\/wp\/v2\/comments?post=1638"}],"version-history":[{"count":1,"href":"https:\/\/bellvr.net\/ca\/wp-json\/wp\/v2\/posts\/1638\/revisions"}],"predecessor-version":[{"id":1641,"href":"https:\/\/bellvr.net\/ca\/wp-json\/wp\/v2\/posts\/1638\/revisions\/1641"}],"wp:featuredmedia":[{"embeddable":true,"href":"https:\/\/bellvr.net\/ca\/wp-json\/wp\/v2\/media\/1639"}],"wp:attachment":[{"href":"https:\/\/bellvr.net\/ca\/wp-json\/wp\/v2\/media?parent=1638"}],"wp:term":[{"taxonomy":"category","embeddable":true,"href":"https:\/\/bellvr.net\/ca\/wp-json\/wp\/v2\/categories?post=1638"},{"taxonomy":"post_tag","embeddable":true,"href":"https:\/\/bellvr.net\/ca\/wp-json\/wp\/v2\/tags?post=1638"}],"curies":[{"name":"wp","href":"https:\/\/api.w.org\/{rel}","templated":true}]}}