{"id":1656,"date":"2024-04-18T15:51:38","date_gmt":"2024-04-18T15:51:38","guid":{"rendered":"https:\/\/bellvr.net\/?p=1656"},"modified":"2024-04-18T15:52:07","modified_gmt":"2024-04-18T15:52:07","slug":"uso-correcto-de-productos-de-cabello-como-optimizar-tu-rutina-capilar","status":"publish","type":"post","link":"https:\/\/bellvr.net\/ca\/uso-correcto-de-productos-de-cabello-como-optimizar-tu-rutina-capilar\/","title":{"rendered":"Uso Correcto de Productos de Cabello: C\u00f3mo Optimizar Tu Rutina Capilar"},"content":{"rendered":"<p>\u00bfTe has preguntado alguna vez si est\u00e1s utilizando tus productos para el cabello de manera correcta? Quiz\u00e1s te sorprender\u00eda saber que la forma y el momento en que aplicas serums, mascarillas, aceites y sprays pueden tener un impacto significativo en la salud y la apariencia de tu cabello. En este art\u00edculo, vamos a explorar juntos c\u00f3mo maximizar los beneficios de estos productos, asegurando que cada hebra de tu cabello reciba exactamente lo que necesita sin caer en la sobrecarga de productos.<\/p>\n<p>&nbsp;<\/p>\n<h2><strong>\u00bfPor Qu\u00e9 es Importante el Uso Correcto de los Productos Capilares?<\/strong><\/h2>\n<p>El cabello, al igual que la piel, necesita cuidados espec\u00edficos que se ajusten a su naturaleza y condici\u00f3n. Utilizar los productos adecuados de la manera correcta no solo mejora la salud del cabello, sino que tambi\u00e9n previene problemas como la sequedad, el exceso de grasa y la acumulaci\u00f3n de residuos que pueden derivar de un uso incorrecto.<\/p>\n<h4><strong>Entendiendo los Productos B\u00e1sicos<\/strong><\/h4>\n<p>Antes de profundizar en c\u00f3mo y cu\u00e1ndo usar estos productos, es esencial entender qu\u00e9 hace cada uno y qu\u00e9 tipos de cabello se benefician m\u00e1s de su uso.<\/p>\n<h4><strong>Serums Capilares<\/strong><\/h4>\n<p>Los serums est\u00e1n dise\u00f1ados para proporcionar una dosis concentrada de nutrientes y act\u00faan como un sellador de la cut\u00edcula del cabello. Son perfectos para controlar el frizz, proteger del calor y a\u00f1adir un brillo instant\u00e1neo sin apelmazar el cabello.<\/p>\n<h4><strong>Mascarillas para el Cabello<\/strong><\/h4>\n<p>Las mascarillas capilares son tratamientos intensivos que penetran profundamente en la fibra capilar para reparar, hidratar y fortalecer el cabello. Se recomiendan especialmente para cabello da\u00f1ado o despu\u00e9s de procesos qu\u00edmicos como la coloraci\u00f3n.<\/p>\n<h4><strong>Aceites Capilares<\/strong><\/h4>\n<p>Los aceites nutren el cabello y el cuero cabelludo, proporcionando una hidrataci\u00f3n esencial y protecci\u00f3n contra los agentes externos. Cada tipo de aceite tiene propiedades \u00fanicas y puede ser utilizado dependiendo de las necesidades espec\u00edficas del cabello, como el aceite de arg\u00e1n para brillo o el aceite de coco para hidrataci\u00f3n.<\/p>\n<h4><strong>Sprays para el Cabello<\/strong><\/h4>\n<p>Los sprays var\u00edan desde fijadores hasta protectores t\u00e9rmicos y revitalizantes. Son \u00fatiles para estilizar y proteger el cabello contra el da\u00f1o ambiental y el calor, siendo una opci\u00f3n pr\u00e1ctica para el uso diario.<\/p>\n<h2><strong>\u00bfCu\u00e1ndo y C\u00f3mo Deber\u00edas Usar Estos Productos?<\/strong><\/h2>\n<p><strong>Momento \u00d3ptimo para Cada Producto<\/strong><\/p>\n<ul>\n<li>Serum Capilar: Aplica serum en tu cabello cuando est\u00e9 h\u00famedo, despu\u00e9s de lavarlo y antes de cualquier otro producto de estilizado. Esto ayudar\u00e1 a sellar la humedad y preparar el cabello para los siguientes pasos en tu rutina.<\/li>\n<li>Mascarilla Capilar: Utiliza una mascarilla una vez a la semana o cada dos semanas, dependiendo de la sequedad o da\u00f1o de tu cabello. Apl\u00edcala despu\u00e9s de lavar el cabello y deja actuar durante el tiempo recomendado antes de enjuagar.<\/li>\n<li>Aceite Capilar: El aceite puede ser usado tanto en cabello h\u00famedo antes de secar para proteger y desenredar, como en cabello seco para suavizar y dar brillo. La clave es usar solo unas gotas y distribuirlo bien.<\/li>\n<li>Spray para el Cabello: Los sprays pueden aplicarse en cualquier momento, pero es crucial utilizarlos antes de usar herramientas de calor para proteger el cabello. Tambi\u00e9n pueden usarse para refrescar el estilo durante el d\u00eda.<\/li>\n<\/ul>\n<p><img data-recalc-dims=\"1\" fetchpriority=\"high\" decoding=\"async\" class=\"alignnone  wp-image-1658\" src=\"https:\/\/i0.wp.com\/bellvr.net\/wp-content\/uploads\/2024\/04\/produto-300x200.webp?resize=588%2C392&#038;ssl=1\" alt=\"\" width=\"588\" height=\"392\" srcset=\"https:\/\/i0.wp.com\/bellvr.net\/wp-content\/uploads\/2024\/04\/produto-jpg.webp?resize=300%2C200&amp;ssl=1 300w, https:\/\/i0.wp.com\/bellvr.net\/wp-content\/uploads\/2024\/04\/produto-jpg.webp?resize=18%2C12&amp;ssl=1 18w, https:\/\/i0.wp.com\/bellvr.net\/wp-content\/uploads\/2024\/04\/produto-jpg.webp?w=696&amp;ssl=1 696w\" sizes=\"(max-width: 588px) 100vw, 588px\" \/><\/p>\n<h4><strong>Combinando Productos Sin Sobrecargar<\/strong><\/h4>\n<p>Para evitar la sobrecarga de productos, sigue esta regla sencilla: menos es m\u00e1s. Empieza con peque\u00f1as cantidades y aumenta solo si es necesario. Aseg\u00farate de aplicar cada producto uniformemente y priorizar seg\u00fan las necesidades de tu cabello.<\/p>\n<h2><strong>Consejos para Mantener Tu Cabello Sano y Radiante<\/strong><\/h2>\n<ol>\n<li>Conoce tu tipo de cabello: Esto es fundamental para elegir los productos adecuados.<\/li>\n<li>Rutina regular: Establece una rutina de cuidado capilar y s\u00e9 consistente.<\/li>\n<li>Protecci\u00f3n: Siempre usa protecci\u00f3n contra el calor antes de estilizar.<\/li>\n<li>Dieta y salud: Mantener una dieta equilibrada y beber suficiente agua tambi\u00e9n impacta la salud de tu cabello.<\/li>\n<\/ol>\n<h2><strong>Evitando Errores Comunes en el Cuidado Capilar<\/strong><\/h2>\n<p>Aunque ya sabemos c\u00f3mo utilizar correctamente varios productos para el cabello, es igualmente importante conocer los errores comunes que se deben evitar para no comprometer la salud de nuestro cabello.<\/p>\n<ul>\n<li>Aplicar Demasiado Producto: Uno de los errores m\u00e1s frecuentes es el uso excesivo de productos. Esto puede llevar a que el cabello se vea y sienta pesado, grasoso y puede incluso causar acumulaci\u00f3n de residuos, reduciendo su brillo natural. Recuerda, al aplicar productos, menos es m\u00e1s.<\/li>\n<li>Usar Productos No Adecuados para tu Tipo de Cabello: Cada tipo de cabello tiene sus propias necesidades. Usar productos que no corresponden a estas necesidades puede no solo ser ineficaz sino que tambi\u00e9n podr\u00eda da\u00f1ar tu cabello. Por ejemplo, un producto altamente hidratante puede ser demasiado pesado para cabellos finos, mientras que puede ser ideal para cabellos gruesos o rizados.<\/li>\n<li>Lavado Incorrecto: El lavado excesivo puede despojar al cabello de sus aceites naturales, lo que lleva a un cuero cabelludo seco y cabello quebradizo. Por otro lado, no lavar lo suficiente puede causar acumulaci\u00f3n de producto y aceite, lo que puede impedir el crecimiento saludable del cabello.<\/li>\n<li>Recomendaciones Espec\u00edficas por Tipo de Cabello: Dado que cada tipo de cabello tiene sus propios retos y necesidades, aqu\u00ed te dejo algunas recomendaciones espec\u00edficas para asegurar que est\u00e1s sacando el m\u00e1ximo partido a tus productos capilares.<\/li>\n<\/ul>\n<p>&nbsp;<\/p>\n<p><strong>Cabello Fino<\/strong><\/p>\n<ul>\n<li>Productos ligeros: Elige serums y aceites ligeros que no apelmacen el cabello.<\/li>\n<li>Volumen: Utiliza sprays que aporten volumen y cuerpo sin sobrecargar el cabello.<\/li>\n<\/ul>\n<p><strong>Cabello Grueso o Rizado<\/strong><\/p>\n<ul>\n<li>Hidrataci\u00f3n profunda: Opta por mascarillas y aceites que proporcionen una hidrataci\u00f3n intensiva.<\/li>\n<li>Control del frizz: Busca productos espec\u00edficos para definir y controlar el frizz.<\/li>\n<\/ul>\n<p><strong>Cabello Te\u00f1ido<\/strong><\/p>\n<ul>\n<li>Protecci\u00f3n del color: Utiliza productos dise\u00f1ados para proteger y prolongar el color.<\/li>\n<li>Reparaci\u00f3n: Incluye tratamientos que ayuden a reparar el da\u00f1o qu\u00edmico.<\/li>\n<\/ul>\n<p><strong>La Importancia de la Consulta Profesional<\/strong><\/p>\n<p>Aunque este art\u00edculo proporciona una gu\u00eda general, nada supera el consejo personalizado de un profesional. Visitar regularmente a un estilista no solo asegura que tu cabello est\u00e9 en las mejores manos, sino que tambi\u00e9n te permite obtener recomendaciones personalizadas basadas en las caracter\u00edsticas \u00fanicas de tu cabello y cuero cabelludo.<\/p>\n<p>&nbsp;<\/p>\n<p>&nbsp;<\/p>\n<p>En Bell Vr, entendemos la importancia de cuidar adecuadamente tu cabello. Por eso, estamos aqu\u00ed para ofrecerte no solo productos de alta calidad sino tambi\u00e9n asesoramiento experto. Recuerda que cada peque\u00f1o detalle cuenta cuando se trata de mantener tu cabello sano, brillante y lleno de vida.<\/p>\n<p>Mant\u00e9n estos consejos en mente y ver\u00e1s c\u00f3mo, con el tiempo, tu cabello te lo agradecer\u00e1 luciendo m\u00e1s saludable que nunca. \u00bfTienes m\u00e1s preguntas? No dudes en visitarnos en nuestro sal\u00f3n en Paseo San Juan, donde nuestros expertos est\u00e1n siempre listos para ayudarte a lograr el cabello de tus sue\u00f1os.<\/p>\n<p>Al entender y aplicar correctamente estos productos, no solo mejorar\u00e1 la salud de tu cabello, sino que tambi\u00e9n optimizar\u00e1s tu tiempo y recursos. Recuerda que cada cabello es \u00fanico, y lo que funciona para uno, puede no funcionar para otro.<\/p>","protected":false},"excerpt":{"rendered":"<p>\u00bfTe has preguntado alguna vez si est\u00e1s utilizando tus productos para el cabello de manera correcta? Quiz\u00e1s te sorprender\u00eda saber que la forma y el momento en que aplicas serums, mascarillas, aceites y sprays pueden tener un impacto significativo en la salud y la apariencia de tu cabello. En este art\u00edculo, vamos a explorar juntos [&hellip;]<\/p>\n","protected":false},"author":2,"featured_media":1657,"comment_status":"open","ping_status":"open","sticky":false,"template":"","format":"standard","meta":{"_acf_changed":false,"footnotes":""},"categories":[28,27],"tags":[],"class_list":["post-1656","post","type-post","status-publish","format-standard","has-post-thumbnail","hentry","category-cuidado-personal","category-tratamientos"],"acf":[],"yoast_head":"<!-- This site is optimized with the Yoast SEO plugin v27.2 - https:\/\/yoast.com\/product\/yoast-seo-wordpress\/ -->\n<title>Uso Correcto de Productos de Cabello-Bell Vr Barcelona<\/title>\n<meta name=\"description\" content=\"C\u00f3mo maximizar los beneficios de estos productos, asegurando que cada hebra de tu cabello reciba exactamente lo que necesita.\" \/>\n<meta name=\"robots\" content=\"index, follow, max-snippet:-1, max-image-preview:large, max-video-preview:-1\" \/>\n<link rel=\"canonical\" href=\"https:\/\/bellvr.net\/ca\/uso-correcto-de-productos-de-cabello-como-optimizar-tu-rutina-capilar\/\" \/>\n<meta property=\"og:locale\" content=\"ca_ES\" \/>\n<meta property=\"og:type\" content=\"article\" \/>\n<meta property=\"og:title\" content=\"Uso Correcto de Productos de Cabello-Bell Vr Barcelona\" \/>\n<meta property=\"og:description\" content=\"C\u00f3mo maximizar los beneficios de estos productos, asegurando que cada hebra de tu cabello reciba exactamente lo que necesita.\" \/>\n<meta property=\"og:url\" content=\"https:\/\/bellvr.net\/ca\/uso-correcto-de-productos-de-cabello-como-optimizar-tu-rutina-capilar\/\" \/>\n<meta property=\"og:site_name\" content=\"Bell VR | Sal&oacute;n de belleza en Barcelona, tratamientos capilares y faciales, est&eacute;tica, coloraci&oacute;n y extensiones\" \/>\n<meta property=\"article:published_time\" content=\"2024-04-18T15:51:38+00:00\" \/>\n<meta property=\"article:modified_time\" content=\"2024-04-18T15:52:07+00:00\" \/>\n<meta property=\"og:image\" content=\"https:\/\/bellvr.net\/wp-content\/uploads\/2024\/04\/productos-jpg.webp\" \/>\n\t<meta property=\"og:image:width\" content=\"696\" \/>\n\t<meta property=\"og:image:height\" content=\"464\" \/>\n\t<meta property=\"og:image:type\" content=\"image\/jpeg\" \/>\n<meta name=\"author\" content=\"Bell VR\" \/>\n<meta name=\"twitter:card\" content=\"summary_large_image\" \/>\n<meta name=\"twitter:label1\" content=\"Escrit per\" \/>\n\t<meta name=\"twitter:data1\" content=\"Bell VR\" \/>\n\t<meta name=\"twitter:label2\" content=\"Temps estimat de lectura\" \/>\n\t<meta name=\"twitter:data2\" content=\"6 minuts\" \/>\n<script type=\"application\/ld+json\" class=\"yoast-schema-graph\">{\"@context\":\"https:\/\/schema.org\",\"@graph\":[{\"@type\":\"Article\",\"@id\":\"https:\/\/bellvr.net\/uso-correcto-de-productos-de-cabello-como-optimizar-tu-rutina-capilar\/#article\",\"isPartOf\":{\"@id\":\"https:\/\/bellvr.net\/uso-correcto-de-productos-de-cabello-como-optimizar-tu-rutina-capilar\/\"},\"author\":{\"name\":\"Bell VR\",\"@id\":\"https:\/\/bellvr.net\/#\/schema\/person\/8782b4208bd30fb589ed1f709cb0da96\"},\"headline\":\"Uso Correcto de Productos de Cabello: C\u00f3mo Optimizar Tu Rutina Capilar\",\"datePublished\":\"2024-04-18T15:51:38+00:00\",\"dateModified\":\"2024-04-18T15:52:07+00:00\",\"mainEntityOfPage\":{\"@id\":\"https:\/\/bellvr.net\/uso-correcto-de-productos-de-cabello-como-optimizar-tu-rutina-capilar\/\"},\"wordCount\":1212,\"commentCount\":0,\"publisher\":{\"@id\":\"https:\/\/bellvr.net\/#organization\"},\"image\":{\"@id\":\"https:\/\/bellvr.net\/uso-correcto-de-productos-de-cabello-como-optimizar-tu-rutina-capilar\/#primaryimage\"},\"thumbnailUrl\":\"https:\/\/i0.wp.com\/bellvr.net\/wp-content\/uploads\/2024\/04\/productos-jpg.webp?fit=696%2C464&ssl=1\",\"articleSection\":[\"Cuidado personal\",\"Tratamientos\"],\"inLanguage\":\"ca\",\"potentialAction\":[{\"@type\":\"CommentAction\",\"name\":\"Comment\",\"target\":[\"https:\/\/bellvr.net\/uso-correcto-de-productos-de-cabello-como-optimizar-tu-rutina-capilar\/#respond\"]}]},{\"@type\":\"WebPage\",\"@id\":\"https:\/\/bellvr.net\/uso-correcto-de-productos-de-cabello-como-optimizar-tu-rutina-capilar\/\",\"url\":\"https:\/\/bellvr.net\/uso-correcto-de-productos-de-cabello-como-optimizar-tu-rutina-capilar\/\",\"name\":\"Uso Correcto de Productos de Cabello-Bell Vr Barcelona\",\"isPartOf\":{\"@id\":\"https:\/\/bellvr.net\/#website\"},\"primaryImageOfPage\":{\"@id\":\"https:\/\/bellvr.net\/uso-correcto-de-productos-de-cabello-como-optimizar-tu-rutina-capilar\/#primaryimage\"},\"image\":{\"@id\":\"https:\/\/bellvr.net\/uso-correcto-de-productos-de-cabello-como-optimizar-tu-rutina-capilar\/#primaryimage\"},\"thumbnailUrl\":\"https:\/\/i0.wp.com\/bellvr.net\/wp-content\/uploads\/2024\/04\/productos-jpg.webp?fit=696%2C464&ssl=1\",\"datePublished\":\"2024-04-18T15:51:38+00:00\",\"dateModified\":\"2024-04-18T15:52:07+00:00\",\"description\":\"C\u00f3mo maximizar los beneficios de estos productos, asegurando que cada hebra de tu cabello reciba exactamente lo que necesita.\",\"breadcrumb\":{\"@id\":\"https:\/\/bellvr.net\/uso-correcto-de-productos-de-cabello-como-optimizar-tu-rutina-capilar\/#breadcrumb\"},\"inLanguage\":\"ca\",\"potentialAction\":[{\"@type\":\"ReadAction\",\"target\":[\"https:\/\/bellvr.net\/uso-correcto-de-productos-de-cabello-como-optimizar-tu-rutina-capilar\/\"]}]},{\"@type\":\"ImageObject\",\"inLanguage\":\"ca\",\"@id\":\"https:\/\/bellvr.net\/uso-correcto-de-productos-de-cabello-como-optimizar-tu-rutina-capilar\/#primaryimage\",\"url\":\"https:\/\/i0.wp.com\/bellvr.net\/wp-content\/uploads\/2024\/04\/productos-jpg.webp?fit=696%2C464&ssl=1\",\"contentUrl\":\"https:\/\/i0.wp.com\/bellvr.net\/wp-content\/uploads\/2024\/04\/productos-jpg.webp?fit=696%2C464&ssl=1\",\"width\":696,\"height\":464},{\"@type\":\"BreadcrumbList\",\"@id\":\"https:\/\/bellvr.net\/uso-correcto-de-productos-de-cabello-como-optimizar-tu-rutina-capilar\/#breadcrumb\",\"itemListElement\":[{\"@type\":\"ListItem\",\"position\":1,\"name\":\"Portada\",\"item\":\"https:\/\/bellvr.net\/\"},{\"@type\":\"ListItem\",\"position\":2,\"name\":\"Uso Correcto de Productos de Cabello: C\u00f3mo Optimizar Tu Rutina Capilar\"}]},{\"@type\":\"WebSite\",\"@id\":\"https:\/\/bellvr.net\/#website\",\"url\":\"https:\/\/bellvr.net\/\",\"name\":\"Bell VR | Sal&oacute;n de belleza en Barcelona, tratamientos capilares y faciales, est&eacute;tica, coloraci&oacute;n y extensiones\",\"description\":\"\",\"publisher\":{\"@id\":\"https:\/\/bellvr.net\/#organization\"},\"potentialAction\":[{\"@type\":\"SearchAction\",\"target\":{\"@type\":\"EntryPoint\",\"urlTemplate\":\"https:\/\/bellvr.net\/?s={search_term_string}\"},\"query-input\":{\"@type\":\"PropertyValueSpecification\",\"valueRequired\":true,\"valueName\":\"search_term_string\"}}],\"inLanguage\":\"ca\"},{\"@type\":\"Organization\",\"@id\":\"https:\/\/bellvr.net\/#organization\",\"name\":\"Bell VR | Sal&oacute;n de belleza en Barcelona, tratamientos capilares y faciales, est&eacute;tica, coloraci&oacute;n y extensiones\",\"url\":\"https:\/\/bellvr.net\/\",\"logo\":{\"@type\":\"ImageObject\",\"inLanguage\":\"ca\",\"@id\":\"https:\/\/bellvr.net\/#\/schema\/logo\/image\/\",\"url\":\"https:\/\/bellvr.net\/wp-content\/uploads\/2023\/07\/2.jpg\",\"contentUrl\":\"https:\/\/bellvr.net\/wp-content\/uploads\/2023\/07\/2.jpg\",\"width\":696,\"height\":464,\"caption\":\"Bell VR | Sal&oacute;n de belleza en Barcelona, tratamientos capilares y faciales, est&eacute;tica, coloraci&oacute;n y extensiones\"},\"image\":{\"@id\":\"https:\/\/bellvr.net\/#\/schema\/logo\/image\/\"},\"sameAs\":[\"https:\/\/www.instagram.com\/bell.victoriaramos\/?hl=es\"]},{\"@type\":\"Person\",\"@id\":\"https:\/\/bellvr.net\/#\/schema\/person\/8782b4208bd30fb589ed1f709cb0da96\",\"name\":\"Bell VR\",\"image\":{\"@type\":\"ImageObject\",\"inLanguage\":\"ca\",\"@id\":\"https:\/\/secure.gravatar.com\/avatar\/fcdc65fc9be360e8768fa64d987fa23e2bfb6503015d60a26beeac6f339ee628?s=96&d=mm&r=g\",\"url\":\"https:\/\/secure.gravatar.com\/avatar\/fcdc65fc9be360e8768fa64d987fa23e2bfb6503015d60a26beeac6f339ee628?s=96&d=mm&r=g\",\"contentUrl\":\"https:\/\/secure.gravatar.com\/avatar\/fcdc65fc9be360e8768fa64d987fa23e2bfb6503015d60a26beeac6f339ee628?s=96&d=mm&r=g\",\"caption\":\"Bell VR\"},\"url\":\"https:\/\/bellvr.net\/ca\/author\/bell-vr\/\"}]}<\/script>\n<!-- \/ Yoast SEO plugin. -->","yoast_head_json":{"title":"Uso Correcto de Productos de Cabello-Bell Vr Barcelona","description":"C\u00f3mo maximizar los beneficios de estos productos, asegurando que cada hebra de tu cabello reciba exactamente lo que necesita.","robots":{"index":"index","follow":"follow","max-snippet":"max-snippet:-1","max-image-preview":"max-image-preview:large","max-video-preview":"max-video-preview:-1"},"canonical":"https:\/\/bellvr.net\/ca\/uso-correcto-de-productos-de-cabello-como-optimizar-tu-rutina-capilar\/","og_locale":"ca_ES","og_type":"article","og_title":"Uso Correcto de Productos de Cabello-Bell Vr Barcelona","og_description":"C\u00f3mo maximizar los beneficios de estos productos, asegurando que cada hebra de tu cabello reciba exactamente lo que necesita.","og_url":"https:\/\/bellvr.net\/ca\/uso-correcto-de-productos-de-cabello-como-optimizar-tu-rutina-capilar\/","og_site_name":"Bell VR | Sal&oacute;n de belleza en Barcelona, tratamientos capilares y faciales, est&eacute;tica, coloraci&oacute;n y extensiones","article_published_time":"2024-04-18T15:51:38+00:00","article_modified_time":"2024-04-18T15:52:07+00:00","og_image":[{"width":696,"height":464,"url":"https:\/\/bellvr.net\/wp-content\/uploads\/2024\/04\/productos-jpg.webp","type":"image\/jpeg"}],"author":"Bell VR","twitter_card":"summary_large_image","twitter_misc":{"Escrit per":"Bell VR","Temps estimat de lectura":"6 minuts"},"schema":{"@context":"https:\/\/schema.org","@graph":[{"@type":"Article","@id":"https:\/\/bellvr.net\/uso-correcto-de-productos-de-cabello-como-optimizar-tu-rutina-capilar\/#article","isPartOf":{"@id":"https:\/\/bellvr.net\/uso-correcto-de-productos-de-cabello-como-optimizar-tu-rutina-capilar\/"},"author":{"name":"Bell VR","@id":"https:\/\/bellvr.net\/#\/schema\/person\/8782b4208bd30fb589ed1f709cb0da96"},"headline":"Uso Correcto de Productos de Cabello: C\u00f3mo Optimizar Tu Rutina Capilar","datePublished":"2024-04-18T15:51:38+00:00","dateModified":"2024-04-18T15:52:07+00:00","mainEntityOfPage":{"@id":"https:\/\/bellvr.net\/uso-correcto-de-productos-de-cabello-como-optimizar-tu-rutina-capilar\/"},"wordCount":1212,"commentCount":0,"publisher":{"@id":"https:\/\/bellvr.net\/#organization"},"image":{"@id":"https:\/\/bellvr.net\/uso-correcto-de-productos-de-cabello-como-optimizar-tu-rutina-capilar\/#primaryimage"},"thumbnailUrl":"https:\/\/i0.wp.com\/bellvr.net\/wp-content\/uploads\/2024\/04\/productos-jpg.webp?fit=696%2C464&ssl=1","articleSection":["Cuidado personal","Tratamientos"],"inLanguage":"ca","potentialAction":[{"@type":"CommentAction","name":"Comment","target":["https:\/\/bellvr.net\/uso-correcto-de-productos-de-cabello-como-optimizar-tu-rutina-capilar\/#respond"]}]},{"@type":"WebPage","@id":"https:\/\/bellvr.net\/uso-correcto-de-productos-de-cabello-como-optimizar-tu-rutina-capilar\/","url":"https:\/\/bellvr.net\/uso-correcto-de-productos-de-cabello-como-optimizar-tu-rutina-capilar\/","name":"Uso Correcto de Productos de Cabello-Bell Vr Barcelona","isPartOf":{"@id":"https:\/\/bellvr.net\/#website"},"primaryImageOfPage":{"@id":"https:\/\/bellvr.net\/uso-correcto-de-productos-de-cabello-como-optimizar-tu-rutina-capilar\/#primaryimage"},"image":{"@id":"https:\/\/bellvr.net\/uso-correcto-de-productos-de-cabello-como-optimizar-tu-rutina-capilar\/#primaryimage"},"thumbnailUrl":"https:\/\/i0.wp.com\/bellvr.net\/wp-content\/uploads\/2024\/04\/productos-jpg.webp?fit=696%2C464&ssl=1","datePublished":"2024-04-18T15:51:38+00:00","dateModified":"2024-04-18T15:52:07+00:00","description":"C\u00f3mo maximizar los beneficios de estos productos, asegurando que cada hebra de tu cabello reciba exactamente lo que necesita.","breadcrumb":{"@id":"https:\/\/bellvr.net\/uso-correcto-de-productos-de-cabello-como-optimizar-tu-rutina-capilar\/#breadcrumb"},"inLanguage":"ca","potentialAction":[{"@type":"ReadAction","target":["https:\/\/bellvr.net\/uso-correcto-de-productos-de-cabello-como-optimizar-tu-rutina-capilar\/"]}]},{"@type":"ImageObject","inLanguage":"ca","@id":"https:\/\/bellvr.net\/uso-correcto-de-productos-de-cabello-como-optimizar-tu-rutina-capilar\/#primaryimage","url":"https:\/\/i0.wp.com\/bellvr.net\/wp-content\/uploads\/2024\/04\/productos-jpg.webp?fit=696%2C464&ssl=1","contentUrl":"https:\/\/i0.wp.com\/bellvr.net\/wp-content\/uploads\/2024\/04\/productos-jpg.webp?fit=696%2C464&ssl=1","width":696,"height":464},{"@type":"BreadcrumbList","@id":"https:\/\/bellvr.net\/uso-correcto-de-productos-de-cabello-como-optimizar-tu-rutina-capilar\/#breadcrumb","itemListElement":[{"@type":"ListItem","position":1,"name":"Portada","item":"https:\/\/bellvr.net\/"},{"@type":"ListItem","position":2,"name":"Uso Correcto de Productos de Cabello: C\u00f3mo Optimizar Tu Rutina Capilar"}]},{"@type":"WebSite","@id":"https:\/\/bellvr.net\/#website","url":"https:\/\/bellvr.net\/","name":"Bell VR | Sal&oacute;n de belleza en Barcelona, tratamientos capilares y faciales, est&eacute;tica, coloraci&oacute;n y extensiones","description":"","publisher":{"@id":"https:\/\/bellvr.net\/#organization"},"potentialAction":[{"@type":"SearchAction","target":{"@type":"EntryPoint","urlTemplate":"https:\/\/bellvr.net\/?s={search_term_string}"},"query-input":{"@type":"PropertyValueSpecification","valueRequired":true,"valueName":"search_term_string"}}],"inLanguage":"ca"},{"@type":"Organization","@id":"https:\/\/bellvr.net\/#organization","name":"Bell VR | Sal&oacute;n de belleza en Barcelona, tratamientos capilares y faciales, est&eacute;tica, coloraci&oacute;n y extensiones","url":"https:\/\/bellvr.net\/","logo":{"@type":"ImageObject","inLanguage":"ca","@id":"https:\/\/bellvr.net\/#\/schema\/logo\/image\/","url":"https:\/\/bellvr.net\/wp-content\/uploads\/2023\/07\/2.jpg","contentUrl":"https:\/\/bellvr.net\/wp-content\/uploads\/2023\/07\/2.jpg","width":696,"height":464,"caption":"Bell VR | Sal&oacute;n de belleza en Barcelona, tratamientos capilares y faciales, est&eacute;tica, coloraci&oacute;n y extensiones"},"image":{"@id":"https:\/\/bellvr.net\/#\/schema\/logo\/image\/"},"sameAs":["https:\/\/www.instagram.com\/bell.victoriaramos\/?hl=es"]},{"@type":"Person","@id":"https:\/\/bellvr.net\/#\/schema\/person\/8782b4208bd30fb589ed1f709cb0da96","name":"Bell VR","image":{"@type":"ImageObject","inLanguage":"ca","@id":"https:\/\/secure.gravatar.com\/avatar\/fcdc65fc9be360e8768fa64d987fa23e2bfb6503015d60a26beeac6f339ee628?s=96&d=mm&r=g","url":"https:\/\/secure.gravatar.com\/avatar\/fcdc65fc9be360e8768fa64d987fa23e2bfb6503015d60a26beeac6f339ee628?s=96&d=mm&r=g","contentUrl":"https:\/\/secure.gravatar.com\/avatar\/fcdc65fc9be360e8768fa64d987fa23e2bfb6503015d60a26beeac6f339ee628?s=96&d=mm&r=g","caption":"Bell VR"},"url":"https:\/\/bellvr.net\/ca\/author\/bell-vr\/"}]}},"_links":{"self":[{"href":"https:\/\/bellvr.net\/ca\/wp-json\/wp\/v2\/posts\/1656","targetHints":{"allow":["GET"]}}],"collection":[{"href":"https:\/\/bellvr.net\/ca\/wp-json\/wp\/v2\/posts"}],"about":[{"href":"https:\/\/bellvr.net\/ca\/wp-json\/wp\/v2\/types\/post"}],"author":[{"embeddable":true,"href":"https:\/\/bellvr.net\/ca\/wp-json\/wp\/v2\/users\/2"}],"replies":[{"embeddable":true,"href":"https:\/\/bellvr.net\/ca\/wp-json\/wp\/v2\/comments?post=1656"}],"version-history":[{"count":1,"href":"https:\/\/bellvr.net\/ca\/wp-json\/wp\/v2\/posts\/1656\/revisions"}],"predecessor-version":[{"id":1659,"href":"https:\/\/bellvr.net\/ca\/wp-json\/wp\/v2\/posts\/1656\/revisions\/1659"}],"wp:featuredmedia":[{"embeddable":true,"href":"https:\/\/bellvr.net\/ca\/wp-json\/wp\/v2\/media\/1657"}],"wp:attachment":[{"href":"https:\/\/bellvr.net\/ca\/wp-json\/wp\/v2\/media?parent=1656"}],"wp:term":[{"taxonomy":"category","embeddable":true,"href":"https:\/\/bellvr.net\/ca\/wp-json\/wp\/v2\/categories?post=1656"},{"taxonomy":"post_tag","embeddable":true,"href":"https:\/\/bellvr.net\/ca\/wp-json\/wp\/v2\/tags?post=1656"}],"curies":[{"name":"wp","href":"https:\/\/api.w.org\/{rel}","templated":true}]}}